{"id":27014,"date":"2026-03-17T14:01:44","date_gmt":"2026-03-17T20:01:44","guid":{"rendered":"https:\/\/informadorweb.com\/?p=27014"},"modified":"2026-03-17T20:01:45","modified_gmt":"2026-03-17T20:01:45","slug":"brasil-busca-aumentar-importacion-de-gas-de-bolivia-tras-acuerdos-bilaterales","status":"publish","type":"post","link":"https:\/\/informadorweb.com\/?p=27014","title":{"rendered":"Brasil busca aumentar importaci\u00f3n de gas de Bolivia tras acuerdos bilaterales"},"content":{"rendered":"<p>R\u00cdO DE JANEIRO, 16 mar (Xinhua) &#8212; El presidente de Brasil, Luiz In\u00e1cio Lula da Silva, afirm\u00f3 hoy lunes que el pa\u00eds est\u00e1 interesado en aumentar la producci\u00f3n de gas natural en Bolivia y ampliar el volumen de importaciones de combustible hacia el mercado brasile\u00f1o, en el marco del fortalecimiento de la cooperaci\u00f3n energ\u00e9tica entre ambas naciones. La declaraci\u00f3n fue realizada tras la reuni\u00f3n mantenida en el Palacio del Planalto, en Brasilia, con el presidente de Bolivia, Rodrigo Paz, quien realiza una visita oficial al pa\u00eds. Durante el encuentro, los dos gobiernos firmaron tres acuerdos de cooperaci\u00f3n en \u00e1reas como energ\u00eda, turismo y combate al crimen organizado transnacional. Seg\u00fan Lula, la cooperaci\u00f3n energ\u00e9tica constituye uno de los pilares estrat\u00e9gicos de la relaci\u00f3n bilateral. El mandatario destac\u00f3 que, en un contexto internacional marcado por conflictos que amenazan la seguridad del suministro de combustibles, Bolivia contin\u00faa siendo una fuente confiable y el principal proveedor de gas natural para Brasil. El presidente brasile\u00f1o se\u00f1al\u00f3 adem\u00e1s que discuti\u00f3 con su hom\u00f3logo boliviano la posibilidad de ampliar inversiones en el sector energ\u00e9tico para incrementar el volumen de gas exportado al mercado brasile\u00f1o. El mandatario subray\u00f3 la relevancia hist\u00f3rica del Gasoducto Brasil-Bolivia, infraestructura que durante a\u00f1os contribuy\u00f3 al crecimiento de la industria brasile\u00f1a y al desarrollo del sector de hidrocarburos boliviano. Seg\u00fan Lula, el gasoducto podr\u00eda ser utilizado ahora para impulsar una integraci\u00f3n m\u00e1s amplia de los mercados energ\u00e9ticos del Cono Sur. Durante la visita oficial, ambos pa\u00edses firmaron igualmente un acuerdo para interconectar sus sistemas el\u00e9ctricos mediante la construcci\u00f3n de una l\u00ednea de transmisi\u00f3n entre la provincia boliviana de Germ\u00e1n Busch, en el departamento de Santa Cruz, y el municipio brasile\u00f1o de Corumb\u00e1, en el estado de Mato Grosso do Sul. De acuerdo con Lula, la iniciativa permitir\u00e1 optimizar el uso de los recursos energ\u00e9ticos de ambos pa\u00edses y llevar electricidad a regiones que todav\u00eda dependen del di\u00e9sel para la generaci\u00f3n de energ\u00eda. Adem\u00e1s de la agenda energ\u00e9tica, los dos mandatarios abordaron temas como la integraci\u00f3n f\u00edsica, el combate a il\u00edcitos transnacionales, el comercio, las inversiones y cuestiones migratorias y consulares. Por su parte, el presidente boliviano Rodrigo Paz destac\u00f3 el potencial de cooperaci\u00f3n bilateral en el sector minero, subrayando que Bolivia posee grandes reservas y diversidad de minerales. Fin<\/p>\n","protected":false},"excerpt":{"rendered":"<p>R\u00cdO DE JANEIRO, 16 mar (Xinhua) &#8212; El presidente de Brasil, Luiz In\u00e1cio Lula da&#8230;<\/p>\n","protected":false},"author":1,"featured_media":0,"comment_status":"closed","ping_status":"closed","sticky":false,"template":"","format":"standard","meta":{"footnotes":""},"categories":[2],"tags":[],"class_list":["post-27014","post","type-post","status-publish","format-standard","hentry","category-internacional"],"_links":{"self":[{"href":"https:\/\/informadorweb.com\/index.php?rest_route=\/wp\/v2\/posts\/27014","targetHints":{"allow":["GET"]}}],"collection":[{"href":"https:\/\/informadorweb.com\/index.php?rest_route=\/wp\/v2\/posts"}],"about":[{"href":"https:\/\/informadorweb.com\/index.php?rest_route=\/wp\/v2\/types\/post"}],"author":[{"embeddable":true,"href":"https:\/\/informadorweb.com\/index.php?rest_route=\/wp\/v2\/users\/1"}],"replies":[{"embeddable":true,"href":"https:\/\/informadorweb.com\/index.php?rest_route=%2Fwp%2Fv2%2Fcomments&post=27014"}],"version-history":[{"count":1,"href":"https:\/\/informadorweb.com\/index.php?rest_route=\/wp\/v2\/posts\/27014\/revisions"}],"predecessor-version":[{"id":27015,"href":"https:\/\/informadorweb.com\/index.php?rest_route=\/wp\/v2\/posts\/27014\/revisions\/27015"}],"wp:attachment":[{"href":"https:\/\/informadorweb.com\/index.php?rest_route=%2Fwp%2Fv2%2Fmedia&parent=27014"}],"wp:term":[{"taxonomy":"category","embeddable":true,"href":"https:\/\/informadorweb.com\/index.php?rest_route=%2Fwp%2Fv2%2Fcategories&post=27014"},{"taxonomy":"post_tag","embeddable":true,"href":"https:\/\/informadorweb.com\/index.php?rest_route=%2Fwp%2Fv2%2Ftags&post=27014"}],"curies":[{"name":"wp","href":"https:\/\/api.w.org\/{rel}","templated":true}]}}