{"id":27006,"date":"2026-03-17T13:59:21","date_gmt":"2026-03-17T19:59:21","guid":{"rendered":"https:\/\/informadorweb.com\/?p=27006"},"modified":"2026-03-17T19:59:22","modified_gmt":"2026-03-17T19:59:22","slug":"brasil-presenta-nuevo-plan-climatico-con-metas-para-reducir-emisiones-hasta-2035","status":"publish","type":"post","link":"https:\/\/informadorweb.com\/?p=27006","title":{"rendered":"Brasil presenta nuevo plan clim\u00e1tico con metas para reducir emisiones hasta 2035"},"content":{"rendered":"<p>R\u00cdO DE JANEIRO, 16 mar (Xinhua) &#8212; El Gobierno de Brasil present\u00f3 este lunes el nuevo Plan Nacional sobre Cambio Clim\u00e1tico, conocido como \u00abPlano Clima\u00bb, un documento estrat\u00e9gico que orientar\u00e1 las pol\u00edticas p\u00fablicas del pa\u00eds para enfrentar la crisis clim\u00e1tica y reducir las emisiones de gases de efecto invernadero hasta 2035. El plan establece metas y directrices para disminuir las emisiones, impulsar la transici\u00f3n hacia una econom\u00eda de bajo carbono y cumplir los compromisos internacionales asumidos por Brasil en el marco del Acuerdo de Par\u00eds. Seg\u00fan el Gobierno, el pa\u00eds sudamericano pretende reducir el volumen total de emisiones desde cerca de 2.040 millones de toneladas de di\u00f3xido de carbono equivalente registradas en 2022 hasta alrededor de 1.200 millones de toneladas en 2030. Posteriormente, la meta es situar las emisiones en una franja de entre 1.050 millones y 850 millones de toneladas en 2035. De cumplirse estos objetivos, Brasil lograr\u00eda una reducci\u00f3n de entre el 59 y el 67 por ciento en comparaci\u00f3n con los niveles actuales, una meta incluida en la Contribuci\u00f3n Nacionalmente Determinada (NDC, por sus siglas en ingl\u00e9s) presentada por el pa\u00eds ante la Convenci\u00f3n Marco de las Naciones Unidas sobre el Cambio Clim\u00e1tico. El plan tambi\u00e9n funcionar\u00e1 como hoja de ruta para las pol\u00edticas clim\u00e1ticas del pa\u00eds sudamericano hasta 2035 y forma parte de la estrategia brasile\u00f1a para alcanzar la neutralidad de carbono hacia 2050. Entre las principales medidas previstas figuran la reducci\u00f3n de la deforestaci\u00f3n, el impulso de pr\u00e1cticas agr\u00edcolas sostenibles, la expansi\u00f3n de energ\u00edas renovables y el desarrollo de nuevas tecnolog\u00edas de bajo carbono. Especialistas se\u00f1alan que el control del desmonte ser\u00e1 un factor clave, ya que la p\u00e9rdida de bosques representa una parte significativa de las emisiones brasile\u00f1as. El documento fue presentado en el Palacio del Planalto, en Brasilia, con la participaci\u00f3n de la ministra brasile\u00f1a de Medio Ambiente y Cambio Clim\u00e1tico, Marina Silva, y de representantes de varios ministerios que participaron en la elaboraci\u00f3n del plan. Con esta iniciativa, el Gobierno busca coordinar acciones entre distintos sectores econ\u00f3micos y orientar inversiones p\u00fablicas y privadas necesarias para avanzar hacia un modelo de desarrollo m\u00e1s sostenible. Fin.<\/p>\n","protected":false},"excerpt":{"rendered":"<p>R\u00cdO DE JANEIRO, 16 mar (Xinhua) &#8212; El Gobierno de Brasil present\u00f3 este lunes el&#8230;<\/p>\n","protected":false},"author":1,"featured_media":0,"comment_status":"closed","ping_status":"closed","sticky":false,"template":"","format":"standard","meta":{"footnotes":""},"categories":[2],"tags":[],"class_list":["post-27006","post","type-post","status-publish","format-standard","hentry","category-internacional"],"_links":{"self":[{"href":"https:\/\/informadorweb.com\/index.php?rest_route=\/wp\/v2\/posts\/27006","targetHints":{"allow":["GET"]}}],"collection":[{"href":"https:\/\/informadorweb.com\/index.php?rest_route=\/wp\/v2\/posts"}],"about":[{"href":"https:\/\/informadorweb.com\/index.php?rest_route=\/wp\/v2\/types\/post"}],"author":[{"embeddable":true,"href":"https:\/\/informadorweb.com\/index.php?rest_route=\/wp\/v2\/users\/1"}],"replies":[{"embeddable":true,"href":"https:\/\/informadorweb.com\/index.php?rest_route=%2Fwp%2Fv2%2Fcomments&post=27006"}],"version-history":[{"count":1,"href":"https:\/\/informadorweb.com\/index.php?rest_route=\/wp\/v2\/posts\/27006\/revisions"}],"predecessor-version":[{"id":27007,"href":"https:\/\/informadorweb.com\/index.php?rest_route=\/wp\/v2\/posts\/27006\/revisions\/27007"}],"wp:attachment":[{"href":"https:\/\/informadorweb.com\/index.php?rest_route=%2Fwp%2Fv2%2Fmedia&parent=27006"}],"wp:term":[{"taxonomy":"category","embeddable":true,"href":"https:\/\/informadorweb.com\/index.php?rest_route=%2Fwp%2Fv2%2Fcategories&post=27006"},{"taxonomy":"post_tag","embeddable":true,"href":"https:\/\/informadorweb.com\/index.php?rest_route=%2Fwp%2Fv2%2Ftags&post=27006"}],"curies":[{"name":"wp","href":"https:\/\/api.w.org\/{rel}","templated":true}]}}