{"id":26998,"date":"2026-03-17T13:56:21","date_gmt":"2026-03-17T19:56:21","guid":{"rendered":"https:\/\/informadorweb.com\/?p=26998"},"modified":"2026-03-17T19:56:22","modified_gmt":"2026-03-17T19:56:22","slug":"presidente-de-alemania-respalda-soberania-y-neutralidad-del-canal-de-panama","status":"publish","type":"post","link":"https:\/\/informadorweb.com\/?p=26998","title":{"rendered":"Presidente de Alemania respalda soberan\u00eda y neutralidad del Canal de Panam\u00e1"},"content":{"rendered":"<div class=\"el-scrollbar__wrap\">\n<div class=\"el-scrollbar__view\">\n<div class=\"news-content\" data-v-e79c3ee4=\"\">PANAM\u00c1, 16 mar (Xinhua) &#8212; El presidente de Alemania, Frank-Walter Steinmeier, afirm\u00f3 este lunes durante su visita oficial a Panam\u00e1 que la soberan\u00eda y la neutralidad del Canal de Panam\u00e1 \u00abdeben estar por encima de cualquier duda\u00bb, en un contexto de tensiones geopol\u00edticas y declaraciones desde Estados Unidos sobre la estrat\u00e9gica v\u00eda interoce\u00e1nica. \u00abLa neutralidad y la soberan\u00eda del Canal de Panam\u00e1 deben estar por encima de cualquier duda. Esta es la opini\u00f3n de la gran mayor\u00eda de los Estados del mundo y tambi\u00e9n la opini\u00f3n de Alemania. Adem\u00e1s, dentro de las Naciones Unidas, Panam\u00e1 es un socio fiable\u00bb, se\u00f1al\u00f3 Steinmeier durante una rueda de prensa conjunta con su hom\u00f3logo paname\u00f1o, Jos\u00e9 Ra\u00fal Mulino, desde el Palacio de las Garzas, sede del Gobierno. El mandatario alem\u00e1n subray\u00f3 adem\u00e1s que \u00abAm\u00e9rica Latina no es ning\u00fan patio trasero de nadie, es un gran espacio con su propia historia y su independencia. Y Panam\u00e1 es un importante socio econ\u00f3mico y comercial en la regi\u00f3n\u00bb. Steinmeier sostuvo que su primera visita oficial a Panam\u00e1 se realiza en un momento en que las reglas del juego del orden mundial est\u00e1n siendo \u00abatacadas\u00bb, por lo cual es su intenci\u00f3n fortalecer los lazos con socios confiables como Panam\u00e1. El presidente estadounidense, Donald Trump, ha amenazado repetidamente con \u00abrecuperar\u00bb el control de la v\u00eda interoce\u00e1nica, alegando que Estados Unidos estaba siendo tratado \u00abinjustamente\u00bb. El presidente de Alemania tambi\u00e9n se manifest\u00f3 sobre el conflicto en Medio Oriente, que involucra a Estados Unidos, Israel e Ir\u00e1n. \u00abVeo con gran preocupaci\u00f3n la situaci\u00f3n actual, no solo en cuanto a la dimensi\u00f3n del derecho internacional; esta guerra comenz\u00f3 sobre una base jur\u00eddica muy dudosa, sino que tambi\u00e9n me parece muy peligrosa en t\u00e9rminos pol\u00edticos. Lo mismo una expansi\u00f3n futura de la guerra, y hemos visto muchos indicios en los \u00faltimos d\u00edas que van en esta direcci\u00f3n\u00bb, alert\u00f3 Steinmeier. Esta es la primera visita de un presidente alem\u00e1n en 75 a\u00f1os de relaciones entre Panam\u00e1 y el pa\u00eds europeo. Fin<\/div>\n<\/div>\n<\/div>\n<div class=\"el-scrollbar__bar is-horizontal\"><\/div>\n","protected":false},"excerpt":{"rendered":"<p>PANAM\u00c1, 16 mar (Xinhua) &#8212; El presidente de Alemania, Frank-Walter Steinmeier, afirm\u00f3 este lunes durante&#8230;<\/p>\n","protected":false},"author":1,"featured_media":0,"comment_status":"closed","ping_status":"closed","sticky":false,"template":"","format":"standard","meta":{"footnotes":""},"categories":[2],"tags":[],"class_list":["post-26998","post","type-post","status-publish","format-standard","hentry","category-internacional"],"_links":{"self":[{"href":"https:\/\/informadorweb.com\/index.php?rest_route=\/wp\/v2\/posts\/26998","targetHints":{"allow":["GET"]}}],"collection":[{"href":"https:\/\/informadorweb.com\/index.php?rest_route=\/wp\/v2\/posts"}],"about":[{"href":"https:\/\/informadorweb.com\/index.php?rest_route=\/wp\/v2\/types\/post"}],"author":[{"embeddable":true,"href":"https:\/\/informadorweb.com\/index.php?rest_route=\/wp\/v2\/users\/1"}],"replies":[{"embeddable":true,"href":"https:\/\/informadorweb.com\/index.php?rest_route=%2Fwp%2Fv2%2Fcomments&post=26998"}],"version-history":[{"count":1,"href":"https:\/\/informadorweb.com\/index.php?rest_route=\/wp\/v2\/posts\/26998\/revisions"}],"predecessor-version":[{"id":26999,"href":"https:\/\/informadorweb.com\/index.php?rest_route=\/wp\/v2\/posts\/26998\/revisions\/26999"}],"wp:attachment":[{"href":"https:\/\/informadorweb.com\/index.php?rest_route=%2Fwp%2Fv2%2Fmedia&parent=26998"}],"wp:term":[{"taxonomy":"category","embeddable":true,"href":"https:\/\/informadorweb.com\/index.php?rest_route=%2Fwp%2Fv2%2Fcategories&post=26998"},{"taxonomy":"post_tag","embeddable":true,"href":"https:\/\/informadorweb.com\/index.php?rest_route=%2Fwp%2Fv2%2Ftags&post=26998"}],"curies":[{"name":"wp","href":"https:\/\/api.w.org\/{rel}","templated":true}]}}