{"id":26992,"date":"2026-03-17T13:52:41","date_gmt":"2026-03-17T19:52:41","guid":{"rendered":"https:\/\/informadorweb.com\/?p=26992"},"modified":"2026-03-17T19:52:43","modified_gmt":"2026-03-17T19:52:43","slug":"denuncian-sesgo-de-la-oficina-de-ddhh-de-la-onu-contra-venezuela","status":"publish","type":"post","link":"https:\/\/informadorweb.com\/?p=26992","title":{"rendered":"Denuncian \u00absesgo\u00bb de la oficina de DDHH de la ONU contra Venezuela"},"content":{"rendered":"<p>CARACAS, 16 mar (Xinhua) &#8212; El canciller venezolano, Yv\u00e1n Gil, denunci\u00f3 hoy lunes lo que calific\u00f3 como un \u00absesgo\u00bb de la oficina del Alto Comisionado de las Naciones Unidas para los Derechos Humanos (DDHH) en relaci\u00f3n con Venezuela, al considerar que mantiene una narrativa parcializada sobre la situaci\u00f3n del pa\u00eds. Seg\u00fan el jefe de la diplomacia venezolana, ese enfoque reproduce acusaciones que carecen de fundamento y omite el impacto que, a su juicio, tienen las medidas coercitivas unilaterales sobre los derechos del pueblo venezolano. Gil se\u00f1al\u00f3 que las evaluaciones difundidas por esa instancia internacional insisten en una visi\u00f3n que no refleja de forma integral la realidad del pa\u00eds. \u00abEl Alto Comisionado de la ONU para los Derechos Humanos insiste en una narrativa parcializada hacia nuestro pa\u00eds, repitiendo acusaciones infundadas y omitiendo deliberadamente el impacto de las medidas coercitivas unilaterales sobre los derechos del pueblo venezolano\u00bb, expres\u00f3. El canciller tambi\u00e9n afirm\u00f3 que la actuaci\u00f3n de esa oficina dificulta el desarrollo de una cooperaci\u00f3n t\u00e9cnica s\u00f3lida entre el Estado venezolano y el sistema internacional de derechos humanos. A su juicio, cuando el organismo adopta posiciones que Caracas considera alejadas de la objetividad, se debilitan las condiciones para un di\u00e1logo constructivo. En ese sentido, sostuvo que la oficina del Alto Comisionado termina funcionando como \u00abcaja de resonancia de falsedades\u00bb, lo que, indic\u00f3, complica la posibilidad de avanzar en mecanismos de cooperaci\u00f3n. El ministro reiter\u00f3 que Venezuela mantiene como prioridad la paz y la convivencia interna, al tiempo que se\u00f1al\u00f3 que cualquier esfuerzo de acompa\u00f1amiento internacional ser\u00e1 bien recibido siempre que se base en el respeto mutuo. Fin<\/p>\n","protected":false},"excerpt":{"rendered":"<p>CARACAS, 16 mar (Xinhua) &#8212; El canciller venezolano, Yv\u00e1n Gil, denunci\u00f3 hoy lunes lo que&#8230;<\/p>\n","protected":false},"author":1,"featured_media":0,"comment_status":"closed","ping_status":"closed","sticky":false,"template":"","format":"standard","meta":{"footnotes":""},"categories":[2],"tags":[],"class_list":["post-26992","post","type-post","status-publish","format-standard","hentry","category-internacional"],"_links":{"self":[{"href":"https:\/\/informadorweb.com\/index.php?rest_route=\/wp\/v2\/posts\/26992","targetHints":{"allow":["GET"]}}],"collection":[{"href":"https:\/\/informadorweb.com\/index.php?rest_route=\/wp\/v2\/posts"}],"about":[{"href":"https:\/\/informadorweb.com\/index.php?rest_route=\/wp\/v2\/types\/post"}],"author":[{"embeddable":true,"href":"https:\/\/informadorweb.com\/index.php?rest_route=\/wp\/v2\/users\/1"}],"replies":[{"embeddable":true,"href":"https:\/\/informadorweb.com\/index.php?rest_route=%2Fwp%2Fv2%2Fcomments&post=26992"}],"version-history":[{"count":1,"href":"https:\/\/informadorweb.com\/index.php?rest_route=\/wp\/v2\/posts\/26992\/revisions"}],"predecessor-version":[{"id":26993,"href":"https:\/\/informadorweb.com\/index.php?rest_route=\/wp\/v2\/posts\/26992\/revisions\/26993"}],"wp:attachment":[{"href":"https:\/\/informadorweb.com\/index.php?rest_route=%2Fwp%2Fv2%2Fmedia&parent=26992"}],"wp:term":[{"taxonomy":"category","embeddable":true,"href":"https:\/\/informadorweb.com\/index.php?rest_route=%2Fwp%2Fv2%2Fcategories&post=26992"},{"taxonomy":"post_tag","embeddable":true,"href":"https:\/\/informadorweb.com\/index.php?rest_route=%2Fwp%2Fv2%2Ftags&post=26992"}],"curies":[{"name":"wp","href":"https:\/\/api.w.org\/{rel}","templated":true}]}}