{"id":26976,"date":"2026-03-17T13:44:59","date_gmt":"2026-03-17T19:44:59","guid":{"rendered":"https:\/\/informadorweb.com\/?p=26976"},"modified":"2026-03-17T19:45:01","modified_gmt":"2026-03-17T19:45:01","slug":"presidente-de-ecuador-evalua-primeros-efectos-de-toque-de-queda-focalizado","status":"publish","type":"post","link":"https:\/\/informadorweb.com\/?p=26976","title":{"rendered":"Presidente de Ecuador eval\u00faa primeros efectos de toque de queda focalizado"},"content":{"rendered":"<div class=\"el-scrollbar__wrap\">\n<div class=\"el-scrollbar__view\">\n<div class=\"news-content\" data-v-e79c3ee4=\"\">QUITO, 16 mar (Xinhua) &#8212; El presidente de Ecuador, Daniel Noboa, encabez\u00f3 este lunes un gabinete de seguridad para evaluar los primeros resultados del toque de queda aplicado en cuatro provincias del pa\u00eds como parte de la estrategia gubernamental para reforzar la lucha contra el crimen organizado, inform\u00f3 la Presidencia. El toque de queda, que restringe la libertad de tr\u00e1nsito, rige del 15 al 31 de marzo entre las 23:00 y las 05:00 (hora local) en las provincias de Guayas, Santo Domingo de los Ts\u00e1chilas, Los R\u00edos y Esmeraldas, seg\u00fan dispuso el mandatario mediante decreto. La Secretar\u00eda General de Comunicaci\u00f3n de la Presidencia inform\u00f3 en un comunicado que el gabinete se realiz\u00f3 en la ciudad de Machala, en la provincia costera de El Oro (sur), donde autoridades del frente de seguridad expusieron las acciones de sus carteras para garantizar el bienestar ciudadano en todo el pa\u00eds, con especial \u00e9nfasis en las zonas donde rige el toque de queda. Durante la reuni\u00f3n, el ministro de Defensa, Gian Carlo Loffredo, inform\u00f3 que la medida ya muestra resultados positivos en las cuatro provincias, consideradas entre las m\u00e1s inseguras y afectadas por la violencia criminal en el pa\u00eds. \u00abTenemos la captura de un objetivo de alto valor. Logramos la destrucci\u00f3n de dos objetivos militares y la desarticulaci\u00f3n de centros que se utilizaban como cuarteles de grupos armados organizados\u00bb, se\u00f1al\u00f3 el ministro, citado en el comunicado. Loffredo tambi\u00e9n anunci\u00f3 nuevas operaciones de \u00abalto impacto\u00bb contra la miner\u00eda ilegal, el narcotr\u00e1fico, el tr\u00e1fico de armas, municiones y explosivos. \u00abQue no se conf\u00eden los grupos armados; vamos a estar actuando en todo el territorio ecuatoriano\u00bb, advirti\u00f3. Por su parte, el ministro del Interior, John Reimberg, indic\u00f3 que 65.000 efectivos participan en los operativos de seguridad en distintas provincias del pa\u00eds y llam\u00f3 a la ciudadan\u00eda a respetar el toque de queda, colaborando con las autoridades al permanecer en sus hogares. \u00abEstamos trabajando por su seguridad, estamos tomando decisiones muy valientes por parte del presidente de la Rep\u00fablica en las operaciones que estamos realizando. Debemos acabar con los criminales y atacar sus econom\u00edas\u00bb, apunt\u00f3. El Gobierno inform\u00f3 que en las primeras horas de vigencia del toque de queda se registraron m\u00e1s de 253 detenciones por incumplimiento de la medida. Quienes la infrinjan sin justificaci\u00f3n podr\u00e1n enfrentar penas de uno a tres a\u00f1os de prisi\u00f3n, de acuerdo con lo dispuesto por el Poder Ejecutivo. Fin<\/div>\n<\/div>\n<\/div>\n<div class=\"el-scrollbar__bar is-horizontal\"><\/div>\n","protected":false},"excerpt":{"rendered":"<p>QUITO, 16 mar (Xinhua) &#8212; El presidente de Ecuador, Daniel Noboa, encabez\u00f3 este lunes un&#8230;<\/p>\n","protected":false},"author":1,"featured_media":0,"comment_status":"closed","ping_status":"closed","sticky":false,"template":"","format":"standard","meta":{"footnotes":""},"categories":[2],"tags":[],"class_list":["post-26976","post","type-post","status-publish","format-standard","hentry","category-internacional"],"_links":{"self":[{"href":"https:\/\/informadorweb.com\/index.php?rest_route=\/wp\/v2\/posts\/26976","targetHints":{"allow":["GET"]}}],"collection":[{"href":"https:\/\/informadorweb.com\/index.php?rest_route=\/wp\/v2\/posts"}],"about":[{"href":"https:\/\/informadorweb.com\/index.php?rest_route=\/wp\/v2\/types\/post"}],"author":[{"embeddable":true,"href":"https:\/\/informadorweb.com\/index.php?rest_route=\/wp\/v2\/users\/1"}],"replies":[{"embeddable":true,"href":"https:\/\/informadorweb.com\/index.php?rest_route=%2Fwp%2Fv2%2Fcomments&post=26976"}],"version-history":[{"count":1,"href":"https:\/\/informadorweb.com\/index.php?rest_route=\/wp\/v2\/posts\/26976\/revisions"}],"predecessor-version":[{"id":26977,"href":"https:\/\/informadorweb.com\/index.php?rest_route=\/wp\/v2\/posts\/26976\/revisions\/26977"}],"wp:attachment":[{"href":"https:\/\/informadorweb.com\/index.php?rest_route=%2Fwp%2Fv2%2Fmedia&parent=26976"}],"wp:term":[{"taxonomy":"category","embeddable":true,"href":"https:\/\/informadorweb.com\/index.php?rest_route=%2Fwp%2Fv2%2Fcategories&post=26976"},{"taxonomy":"post_tag","embeddable":true,"href":"https:\/\/informadorweb.com\/index.php?rest_route=%2Fwp%2Fv2%2Ftags&post=26976"}],"curies":[{"name":"wp","href":"https:\/\/api.w.org\/{rel}","templated":true}]}}