{"id":26974,"date":"2026-03-17T13:43:32","date_gmt":"2026-03-17T19:43:32","guid":{"rendered":"https:\/\/informadorweb.com\/?p=26974"},"modified":"2026-03-17T19:43:33","modified_gmt":"2026-03-17T19:43:33","slug":"alrededor-de-200-soldados-estadounidenses-resultan-heridos-en-ataques-de-eeuu-e-israel-contra-iran-dice-comando-central","status":"publish","type":"post","link":"https:\/\/informadorweb.com\/?p=26974","title":{"rendered":"Alrededor de 200 soldados estadounidenses resultan heridos en ataques de EEUU e Israel contra Ir\u00e1n, dice Comando Central"},"content":{"rendered":"<p>WASHINGTON, 16 mar (Xinhua) &#8212; Alrededor de 200 soldados estadounidenses han resultado heridos desde que Estados Unidos e Israel emprendieron sus ataques a gran escala contra Ir\u00e1n hace m\u00e1s de dos semanas, dijo hoy un vocero del Comando Central de Estados Unidos. Los soldados resultaron heridos en siete pa\u00edses de Medio Oriente: Bahr\u00e9in, Irak, Israel, Jordania, Kuwait, Arabia Saud\u00ed y Emiratos \u00c1rabes Unidos, indic\u00f3 Tim Hawkins, vocero del Comando Central de Estados Unidos. De los lesionados, diez soldados sufrieron heridas graves y m\u00e1s de 180 han recibido tratamiento y han regresado al servicio, dijo Hawkins. El jueves, un avi\u00f3n de repostaje KC-135 de Estados Unidos se estrell\u00f3 en el oeste de Irak, lo que elev\u00f3 a 13 el total de decesos confirmados por el Ej\u00e9rcito estadounidense desde que Estados Unidos e Israel comenzaron los ataques el 28 de febrero, a\u00f1adi\u00f3 el comando. Fin<\/p>\n","protected":false},"excerpt":{"rendered":"<p>WASHINGTON, 16 mar (Xinhua) &#8212; Alrededor de 200 soldados estadounidenses han resultado heridos desde que&#8230;<\/p>\n","protected":false},"author":1,"featured_media":0,"comment_status":"closed","ping_status":"closed","sticky":false,"template":"","format":"standard","meta":{"footnotes":""},"categories":[2],"tags":[],"class_list":["post-26974","post","type-post","status-publish","format-standard","hentry","category-internacional"],"_links":{"self":[{"href":"https:\/\/informadorweb.com\/index.php?rest_route=\/wp\/v2\/posts\/26974","targetHints":{"allow":["GET"]}}],"collection":[{"href":"https:\/\/informadorweb.com\/index.php?rest_route=\/wp\/v2\/posts"}],"about":[{"href":"https:\/\/informadorweb.com\/index.php?rest_route=\/wp\/v2\/types\/post"}],"author":[{"embeddable":true,"href":"https:\/\/informadorweb.com\/index.php?rest_route=\/wp\/v2\/users\/1"}],"replies":[{"embeddable":true,"href":"https:\/\/informadorweb.com\/index.php?rest_route=%2Fwp%2Fv2%2Fcomments&post=26974"}],"version-history":[{"count":1,"href":"https:\/\/informadorweb.com\/index.php?rest_route=\/wp\/v2\/posts\/26974\/revisions"}],"predecessor-version":[{"id":26975,"href":"https:\/\/informadorweb.com\/index.php?rest_route=\/wp\/v2\/posts\/26974\/revisions\/26975"}],"wp:attachment":[{"href":"https:\/\/informadorweb.com\/index.php?rest_route=%2Fwp%2Fv2%2Fmedia&parent=26974"}],"wp:term":[{"taxonomy":"category","embeddable":true,"href":"https:\/\/informadorweb.com\/index.php?rest_route=%2Fwp%2Fv2%2Fcategories&post=26974"},{"taxonomy":"post_tag","embeddable":true,"href":"https:\/\/informadorweb.com\/index.php?rest_route=%2Fwp%2Fv2%2Ftags&post=26974"}],"curies":[{"name":"wp","href":"https:\/\/api.w.org\/{rel}","templated":true}]}}