{"id":26972,"date":"2026-03-17T13:42:30","date_gmt":"2026-03-17T19:42:30","guid":{"rendered":"https:\/\/informadorweb.com\/?p=26972"},"modified":"2026-03-17T19:42:31","modified_gmt":"2026-03-17T19:42:31","slug":"mexico-propondra-a-eeuu-continuidad-de-t-mec-y-anulacion-de-aranceles-en-ronda-bilateral-afirma-ministro","status":"publish","type":"post","link":"https:\/\/informadorweb.com\/?p=26972","title":{"rendered":"M\u00e9xico propondr\u00e1 a EEUU continuidad de T-MEC y anulaci\u00f3n de aranceles en ronda bilateral, afirma ministro"},"content":{"rendered":"<p>M\u00c9XICO, 16 mar (Xinhua) &#8212; M\u00e9xico propondr\u00e1 a Estados Unidos la permanencia del acuerdo de libre comercio de Am\u00e9rica del Norte y la eliminaci\u00f3n de los aranceles vigentes, en el inicio de la primera ronda de discusiones bilaterales en preparaci\u00f3n para la revisi\u00f3n del pacto, inform\u00f3 este lunes el secretario (ministro) de Econom\u00eda, Marcelo Ebrard. En un mensaje en redes sociales, Ebrard adelant\u00f3 el plan aprobado por la presidenta Claudia Sheinbaum para el inicio del di\u00e1logo con sus contrapartes estadounidenses, la cual tendr\u00e1 una sesi\u00f3n el martes v\u00eda la aplicaci\u00f3n Zoom y el mi\u00e9rcoles la ronda de conversaciones. \u00abM\u00e9xico propondr\u00e1 la permanencia del T-MEC (Tratado de libre comercio M\u00e9xico-Estados Unidos-Canad\u00e1) y la eliminaci\u00f3n de aranceles. Cabeza fr\u00eda y firmeza nos guiar\u00e1\u00bb, resalt\u00f3 el ministro, sin dar m\u00e1s detalles. Los tres socios tienen previsto llevar a cabo este a\u00f1o la revisi\u00f3n del T-MEC, como marcan los estatutos. Fin<\/p>\n","protected":false},"excerpt":{"rendered":"<p>M\u00c9XICO, 16 mar (Xinhua) &#8212; M\u00e9xico propondr\u00e1 a Estados Unidos la permanencia del acuerdo de&#8230;<\/p>\n","protected":false},"author":1,"featured_media":0,"comment_status":"closed","ping_status":"closed","sticky":false,"template":"","format":"standard","meta":{"footnotes":""},"categories":[7],"tags":[],"class_list":["post-26972","post","type-post","status-publish","format-standard","hentry","category-nacional"],"_links":{"self":[{"href":"https:\/\/informadorweb.com\/index.php?rest_route=\/wp\/v2\/posts\/26972","targetHints":{"allow":["GET"]}}],"collection":[{"href":"https:\/\/informadorweb.com\/index.php?rest_route=\/wp\/v2\/posts"}],"about":[{"href":"https:\/\/informadorweb.com\/index.php?rest_route=\/wp\/v2\/types\/post"}],"author":[{"embeddable":true,"href":"https:\/\/informadorweb.com\/index.php?rest_route=\/wp\/v2\/users\/1"}],"replies":[{"embeddable":true,"href":"https:\/\/informadorweb.com\/index.php?rest_route=%2Fwp%2Fv2%2Fcomments&post=26972"}],"version-history":[{"count":1,"href":"https:\/\/informadorweb.com\/index.php?rest_route=\/wp\/v2\/posts\/26972\/revisions"}],"predecessor-version":[{"id":26973,"href":"https:\/\/informadorweb.com\/index.php?rest_route=\/wp\/v2\/posts\/26972\/revisions\/26973"}],"wp:attachment":[{"href":"https:\/\/informadorweb.com\/index.php?rest_route=%2Fwp%2Fv2%2Fmedia&parent=26972"}],"wp:term":[{"taxonomy":"category","embeddable":true,"href":"https:\/\/informadorweb.com\/index.php?rest_route=%2Fwp%2Fv2%2Fcategories&post=26972"},{"taxonomy":"post_tag","embeddable":true,"href":"https:\/\/informadorweb.com\/index.php?rest_route=%2Fwp%2Fv2%2Ftags&post=26972"}],"curies":[{"name":"wp","href":"https:\/\/api.w.org\/{rel}","templated":true}]}}