{"id":26958,"date":"2026-03-17T13:36:45","date_gmt":"2026-03-17T19:36:45","guid":{"rendered":"https:\/\/informadorweb.com\/?p=26958"},"modified":"2026-03-17T19:36:47","modified_gmt":"2026-03-17T19:36:47","slug":"ministra-de-comercio-exterior-de-brasil-alerta-sobre-posibilidad-de-inflacion-global-por-conflicto-en-medio-oriente","status":"publish","type":"post","link":"https:\/\/informadorweb.com\/?p=26958","title":{"rendered":"Ministra de Comercio Exterior de Brasil alerta sobre posibilidad de inflaci\u00f3n global por conflicto en Medio Oriente"},"content":{"rendered":"<p>SAO PAULO, 16 mar (Xinhua) &#8212; El aumento de los precios del petr\u00f3leo y la elevaci\u00f3n de los costos en fletes del comercio internacional, pueden presionar a la inflaci\u00f3n global como consecuencia del conflicto en Medio Oriente que involucra a Estados Unidos e Israel contra Ir\u00e1n, advirti\u00f3 hoy lunes la secretaria de Comercio Exterior de Brasil, Tatiana Lacerda Prazeres. \u00abPensando en impactos globales, el choque del petr\u00f3leo es el principal\u00bb, afirm\u00f3 la funcionaria brasile\u00f1a en declaraciones al diario \u00abValor Econ\u00f3mico\u00bb. Lacerda explic\u00f3 que el conflicto tambi\u00e9n puede generar perturbaciones en las cadenas log\u00edsticas internacionales, lo que afecta los costos del transporte mar\u00edtimo y los seguros vinculados al comercio exterior. \u00abHay tambi\u00e9n una crisis log\u00edstica que afecta el flete, los seguros y el combustible mar\u00edtimo. Eso tiene repercusiones para la inflaci\u00f3n global\u00bb, se\u00f1al\u00f3 la funcionaria. Seg\u00fan la secretaria, otro factor relevante es el mercado de fertilizantes, un insumo clave para la producci\u00f3n agr\u00edcola mundial y para pa\u00edses exportadores de alimentos como Brasil, componente que se relaciona con el comercio exterior del pa\u00eds sudamericano. A\u00f1adi\u00f3 que el Gobierno brasile\u00f1o sigue de cerca el posible impacto del conflicto sobre productos agr\u00edcolas relevantes para el comercio con Medio Oriente, en espec\u00edfico pollo, ma\u00edz y az\u00facar, por su importancia en la zona del conflicto, cuyo tiempo de duraci\u00f3n ser\u00e1 determinante para dimensionar los efectos econ\u00f3micos. La funcionaria brasile\u00f1a agreg\u00f3 que aunque Brasil es exportador neto de petr\u00f3leo, el balance general por una escalada del conflicto tiende a ser negativo para la econom\u00eda global, debido al impacto combinado sobre energ\u00eda, transporte, fertilizantes y alimentos. Fin<\/p>\n","protected":false},"excerpt":{"rendered":"<p>SAO PAULO, 16 mar (Xinhua) &#8212; El aumento de los precios del petr\u00f3leo y la&#8230;<\/p>\n","protected":false},"author":1,"featured_media":0,"comment_status":"closed","ping_status":"closed","sticky":false,"template":"","format":"standard","meta":{"footnotes":""},"categories":[2],"tags":[],"class_list":["post-26958","post","type-post","status-publish","format-standard","hentry","category-internacional"],"_links":{"self":[{"href":"https:\/\/informadorweb.com\/index.php?rest_route=\/wp\/v2\/posts\/26958","targetHints":{"allow":["GET"]}}],"collection":[{"href":"https:\/\/informadorweb.com\/index.php?rest_route=\/wp\/v2\/posts"}],"about":[{"href":"https:\/\/informadorweb.com\/index.php?rest_route=\/wp\/v2\/types\/post"}],"author":[{"embeddable":true,"href":"https:\/\/informadorweb.com\/index.php?rest_route=\/wp\/v2\/users\/1"}],"replies":[{"embeddable":true,"href":"https:\/\/informadorweb.com\/index.php?rest_route=%2Fwp%2Fv2%2Fcomments&post=26958"}],"version-history":[{"count":1,"href":"https:\/\/informadorweb.com\/index.php?rest_route=\/wp\/v2\/posts\/26958\/revisions"}],"predecessor-version":[{"id":26959,"href":"https:\/\/informadorweb.com\/index.php?rest_route=\/wp\/v2\/posts\/26958\/revisions\/26959"}],"wp:attachment":[{"href":"https:\/\/informadorweb.com\/index.php?rest_route=%2Fwp%2Fv2%2Fmedia&parent=26958"}],"wp:term":[{"taxonomy":"category","embeddable":true,"href":"https:\/\/informadorweb.com\/index.php?rest_route=%2Fwp%2Fv2%2Fcategories&post=26958"},{"taxonomy":"post_tag","embeddable":true,"href":"https:\/\/informadorweb.com\/index.php?rest_route=%2Fwp%2Fv2%2Ftags&post=26958"}],"curies":[{"name":"wp","href":"https:\/\/api.w.org\/{rel}","templated":true}]}}