{"id":26946,"date":"2026-03-17T13:28:13","date_gmt":"2026-03-17T19:28:13","guid":{"rendered":"https:\/\/informadorweb.com\/?p=26946"},"modified":"2026-03-17T19:28:14","modified_gmt":"2026-03-17T19:28:14","slug":"ue-rechaza-ampliar-mision-naval-a-ormuz","status":"publish","type":"post","link":"https:\/\/informadorweb.com\/?p=26946","title":{"rendered":"UE rechaza ampliar misi\u00f3n naval a Ormuz"},"content":{"rendered":"<p>BRUSELAS, 16 mar (Xinhua) &#8212; La Uni\u00f3n Europea (UE) no tiene inter\u00e9s en ampliar su misi\u00f3n naval \u00abAspides\u00bb al estrecho de Ormuz, dijo hoy la jefa de pol\u00edtica exterior Kaja Kallas. Despu\u00e9s de una reuni\u00f3n de ministros de Relaciones Exteriores, Kallas dijo que los ministros de la UE discutieron opciones para proteger mejor la navegaci\u00f3n en la regi\u00f3n, con \u00e9nfasis en la desescalada y la libertad de navegaci\u00f3n. \u00abEstamos trabajando en soluciones diplom\u00e1ticas para el estrecho de Ormuz\u00bb, dijo Kallas y a\u00f1adi\u00f3 que \u00abesta no es la guerra de Europa\u00bb. \u00abAspides\u00bb, palabra que significa escudo en idioma griego, es una misi\u00f3n naval defensiva lanzada por la UE en febrero de 2024, con el fin de restablecer y salvaguardar la libertad de navegaci\u00f3n en las regiones del mar Rojo y el Golfo. Los comentarios de Kallas se producen luego de que el presidente de Estados Unidos, Donald Trump, inst\u00f3 a los aliados de la Organizaci\u00f3n del Tratado del Atl\u00e1ntico Norte (OTAN) a apoyar los esfuerzos para proteger el transporte de petr\u00f3leo en la v\u00eda fluvial estrat\u00e9gica. Hasta ahora, varios pa\u00edses de la OTAN en Europa, incluyendo Alemania y Grecia, han expresado su renuencia a apoyar la propuesta estadounidense. Fin<\/p>\n","protected":false},"excerpt":{"rendered":"<p>BRUSELAS, 16 mar (Xinhua) &#8212; La Uni\u00f3n Europea (UE) no tiene inter\u00e9s en ampliar su&#8230;<\/p>\n","protected":false},"author":1,"featured_media":0,"comment_status":"closed","ping_status":"closed","sticky":false,"template":"","format":"standard","meta":{"footnotes":""},"categories":[2],"tags":[],"class_list":["post-26946","post","type-post","status-publish","format-standard","hentry","category-internacional"],"_links":{"self":[{"href":"https:\/\/informadorweb.com\/index.php?rest_route=\/wp\/v2\/posts\/26946","targetHints":{"allow":["GET"]}}],"collection":[{"href":"https:\/\/informadorweb.com\/index.php?rest_route=\/wp\/v2\/posts"}],"about":[{"href":"https:\/\/informadorweb.com\/index.php?rest_route=\/wp\/v2\/types\/post"}],"author":[{"embeddable":true,"href":"https:\/\/informadorweb.com\/index.php?rest_route=\/wp\/v2\/users\/1"}],"replies":[{"embeddable":true,"href":"https:\/\/informadorweb.com\/index.php?rest_route=%2Fwp%2Fv2%2Fcomments&post=26946"}],"version-history":[{"count":1,"href":"https:\/\/informadorweb.com\/index.php?rest_route=\/wp\/v2\/posts\/26946\/revisions"}],"predecessor-version":[{"id":26947,"href":"https:\/\/informadorweb.com\/index.php?rest_route=\/wp\/v2\/posts\/26946\/revisions\/26947"}],"wp:attachment":[{"href":"https:\/\/informadorweb.com\/index.php?rest_route=%2Fwp%2Fv2%2Fmedia&parent=26946"}],"wp:term":[{"taxonomy":"category","embeddable":true,"href":"https:\/\/informadorweb.com\/index.php?rest_route=%2Fwp%2Fv2%2Fcategories&post=26946"},{"taxonomy":"post_tag","embeddable":true,"href":"https:\/\/informadorweb.com\/index.php?rest_route=%2Fwp%2Fv2%2Ftags&post=26946"}],"curies":[{"name":"wp","href":"https:\/\/api.w.org\/{rel}","templated":true}]}}