{"id":26878,"date":"2026-03-17T01:43:14","date_gmt":"2026-03-17T07:43:14","guid":{"rendered":"https:\/\/informadorweb.com\/?p=26878"},"modified":"2026-03-17T07:43:15","modified_gmt":"2026-03-17T07:43:15","slug":"primer-ministro-chino-insta-a-lograr-un-progreso-solido-en-labor-del-gobierno-en-2026","status":"publish","type":"post","link":"https:\/\/informadorweb.com\/?p=26878","title":{"rendered":"Primer ministro chino insta a lograr un progreso s\u00f3lido en labor del gobierno en 2026"},"content":{"rendered":"<p>BEIJING, 16 mar (Xinhua) &#8212; El primer ministro chino, Li Qiang, subray\u00f3 hoy lunes la importancia de lograr un progreso s\u00f3lido en la labor del gobierno en 2026, y de esforzarse por hacer nuevas contribuciones al avance de la modernizaci\u00f3n china. Al presidir la XI reuni\u00f3n plenaria del Consejo de Estado, Li se\u00f1al\u00f3 que el gabinete chino y los departamentos gubernamentales deben mantener la determinaci\u00f3n estrat\u00e9gica, actuar de manera m\u00e1s proactiva y tomar acciones decisivas, r\u00e1pidas y efectivas para implementar plenamente y con est\u00e1ndares m\u00e1s altos las decisiones y los planes del Comit\u00e9 Central del Partido Comunista de China. Con el fin de alcanzar niveles m\u00e1s altos, es necesario tomar firmemente la iniciativa en materia de desarrollo, reforzar de forma constante las bases del mismo y mejorar la resiliencia econ\u00f3mica, as\u00ed como realizar esfuerzos constantes destinados a lograr resultados s\u00f3lidos y avances decisivos, indic\u00f3 Li. Asimismo, hizo hincapi\u00e9 en implementar de manera plena las tareas clave para este a\u00f1o y durante el per\u00edodo del XV Plan Quinquenal (2026-2030), las cuales incluyen seguir consolidando un mercado nacional unificado, promover la expansi\u00f3n y modernizaci\u00f3n del sector servicios, acelerar el desarrollo de una nueva generaci\u00f3n de manufactura inteligente, impulsar las principales redes de infraestructura, invertir continuamente en las personas y mejorar su bienestar, y responder con eficacia a las perturbaciones y los desaf\u00edos externos bajo las nuevas circunstancias. El primer ministro tambi\u00e9n enfatiz\u00f3 la necesidad de llevar a cabo una educaci\u00f3n minuciosa que permita fomentar y practicar una comprensi\u00f3n correcta del desempe\u00f1o de la gobernanza, e integrar esta educaci\u00f3n con la ejecuci\u00f3n de las funciones gubernamentales. Fin<\/p>\n","protected":false},"excerpt":{"rendered":"<p>BEIJING, 16 mar (Xinhua) &#8212; El primer ministro chino, Li Qiang, subray\u00f3 hoy lunes la&#8230;<\/p>\n","protected":false},"author":1,"featured_media":0,"comment_status":"closed","ping_status":"closed","sticky":false,"template":"","format":"standard","meta":{"footnotes":""},"categories":[2],"tags":[],"class_list":["post-26878","post","type-post","status-publish","format-standard","hentry","category-internacional"],"_links":{"self":[{"href":"https:\/\/informadorweb.com\/index.php?rest_route=\/wp\/v2\/posts\/26878","targetHints":{"allow":["GET"]}}],"collection":[{"href":"https:\/\/informadorweb.com\/index.php?rest_route=\/wp\/v2\/posts"}],"about":[{"href":"https:\/\/informadorweb.com\/index.php?rest_route=\/wp\/v2\/types\/post"}],"author":[{"embeddable":true,"href":"https:\/\/informadorweb.com\/index.php?rest_route=\/wp\/v2\/users\/1"}],"replies":[{"embeddable":true,"href":"https:\/\/informadorweb.com\/index.php?rest_route=%2Fwp%2Fv2%2Fcomments&post=26878"}],"version-history":[{"count":1,"href":"https:\/\/informadorweb.com\/index.php?rest_route=\/wp\/v2\/posts\/26878\/revisions"}],"predecessor-version":[{"id":26879,"href":"https:\/\/informadorweb.com\/index.php?rest_route=\/wp\/v2\/posts\/26878\/revisions\/26879"}],"wp:attachment":[{"href":"https:\/\/informadorweb.com\/index.php?rest_route=%2Fwp%2Fv2%2Fmedia&parent=26878"}],"wp:term":[{"taxonomy":"category","embeddable":true,"href":"https:\/\/informadorweb.com\/index.php?rest_route=%2Fwp%2Fv2%2Fcategories&post=26878"},{"taxonomy":"post_tag","embeddable":true,"href":"https:\/\/informadorweb.com\/index.php?rest_route=%2Fwp%2Fv2%2Ftags&post=26878"}],"curies":[{"name":"wp","href":"https:\/\/api.w.org\/{rel}","templated":true}]}}