{"id":26860,"date":"2026-03-17T01:31:45","date_gmt":"2026-03-17T07:31:45","guid":{"rendered":"https:\/\/informadorweb.com\/?p=26860"},"modified":"2026-03-17T07:31:46","modified_gmt":"2026-03-17T07:31:46","slug":"iran-niega-haber-buscado-un-alto-el-fuego-y-afirma-que-la-guerra-debe-terminar-sin-que-se-repitan-los-ataques","status":"publish","type":"post","link":"https:\/\/informadorweb.com\/?p=26860","title":{"rendered":"Ir\u00e1n niega haber buscado un alto el fuego y afirma que la guerra debe terminar sin que se repitan los ataques"},"content":{"rendered":"<div class=\"el-scrollbar__wrap\">\n<div class=\"el-scrollbar__view\">\n<div class=\"news-content\" data-v-e79c3ee4=\"\">TEHER\u00c1N, 16 mar (Xinhua) &#8212; El ministro de Relaciones Exteriores de Ir\u00e1n, Seyed Abbas Araghchi, declar\u00f3 el lunes que su pa\u00eds no ha solicitado un alto el fuego ni negociaciones con Estados Unidos, rechazando las afirmaciones estadounidenses sobre que Teher\u00e1n solicit\u00f3 una tregua. En una publicaci\u00f3n en X, Araghchi calific\u00f3 tales afirmaciones de \u00abilusorias\u00bb y se\u00f1al\u00f3 que las fuerzas armadas iran\u00edes continuar\u00e1n luchando hasta que el presidente estadounidense, Donald Trump, reconozca que la \u00abguerra ilegal que est\u00e1 imponiendo tanto a estadounidenses como a iran\u00edes es injusta y jam\u00e1s debe repetirse\u00bb. Posteriormente, en una conferencia de prensa semanal en Teher\u00e1n, Araghchi declar\u00f3 que cualquier soluci\u00f3n al conflicto debe garantizar que no se repitan los ataques contra Ir\u00e1n. \u00abCuando decimos que no queremos un alto el fuego, no es porque busquemos continuar la guerra\u00bb, afirm\u00f3. \u00abEs porque esta vez la guerra debe terminar de tal manera que los enemigos jam\u00e1s piensen en repetir los ataques\u00bb. Araghchi acus\u00f3 a los adversarios de Ir\u00e1n de intentar forzar la rendici\u00f3n incondicional del pa\u00eds tras movilizar todas sus capacidades. A\u00f1adi\u00f3 que, m\u00e1s de dos semanas despu\u00e9s del inicio del conflicto, los opositores de Ir\u00e1n buscaban ayuda de pa\u00edses que antes consideraban hostiles y solicitaban asistencia internacional para garantizar la seguridad del tr\u00e1fico mar\u00edtimo en el estrecho de Ormuz. Seg\u00fan Araghchi, Ir\u00e1n restringe el paso \u00fanicamente a sus enemigos y a sus aliados involucrados en el conflicto. El 28 de febrero, Israel y Estados Unidos lanzaron ataques conjuntos contra Teher\u00e1n y otras ciudades iran\u00edes, causando la muerte del exl\u00edder supremo Al\u00ed Jamene\u00ed, altos mandos militares y civiles. Ir\u00e1n respondi\u00f3 con una oleada de ataques con misiles y drones contra bases e intereses israel\u00edes y estadounidenses en todo Oriente Medio. Fin<\/div>\n<\/div>\n<\/div>\n<div class=\"el-scrollbar__bar is-horizontal\"><\/div>\n","protected":false},"excerpt":{"rendered":"<p>TEHER\u00c1N, 16 mar (Xinhua) &#8212; El ministro de Relaciones Exteriores de Ir\u00e1n, Seyed Abbas Araghchi,&#8230;<\/p>\n","protected":false},"author":1,"featured_media":0,"comment_status":"closed","ping_status":"closed","sticky":false,"template":"","format":"standard","meta":{"footnotes":""},"categories":[2],"tags":[],"class_list":["post-26860","post","type-post","status-publish","format-standard","hentry","category-internacional"],"_links":{"self":[{"href":"https:\/\/informadorweb.com\/index.php?rest_route=\/wp\/v2\/posts\/26860","targetHints":{"allow":["GET"]}}],"collection":[{"href":"https:\/\/informadorweb.com\/index.php?rest_route=\/wp\/v2\/posts"}],"about":[{"href":"https:\/\/informadorweb.com\/index.php?rest_route=\/wp\/v2\/types\/post"}],"author":[{"embeddable":true,"href":"https:\/\/informadorweb.com\/index.php?rest_route=\/wp\/v2\/users\/1"}],"replies":[{"embeddable":true,"href":"https:\/\/informadorweb.com\/index.php?rest_route=%2Fwp%2Fv2%2Fcomments&post=26860"}],"version-history":[{"count":1,"href":"https:\/\/informadorweb.com\/index.php?rest_route=\/wp\/v2\/posts\/26860\/revisions"}],"predecessor-version":[{"id":26861,"href":"https:\/\/informadorweb.com\/index.php?rest_route=\/wp\/v2\/posts\/26860\/revisions\/26861"}],"wp:attachment":[{"href":"https:\/\/informadorweb.com\/index.php?rest_route=%2Fwp%2Fv2%2Fmedia&parent=26860"}],"wp:term":[{"taxonomy":"category","embeddable":true,"href":"https:\/\/informadorweb.com\/index.php?rest_route=%2Fwp%2Fv2%2Fcategories&post=26860"},{"taxonomy":"post_tag","embeddable":true,"href":"https:\/\/informadorweb.com\/index.php?rest_route=%2Fwp%2Fv2%2Ftags&post=26860"}],"curies":[{"name":"wp","href":"https:\/\/api.w.org\/{rel}","templated":true}]}}