{"id":26858,"date":"2026-03-17T01:31:04","date_gmt":"2026-03-17T07:31:04","guid":{"rendered":"https:\/\/informadorweb.com\/?p=26858"},"modified":"2026-03-17T07:31:06","modified_gmt":"2026-03-17T07:31:06","slug":"ampliacion-israel-inicia-operaciones-terrestres-limitadas-y-selectivas-contra-hizbula-en-sur-del-libano","status":"publish","type":"post","link":"https:\/\/informadorweb.com\/?p=26858","title":{"rendered":"Ampliaci\u00f3n: Israel inicia operaciones terrestres limitadas y selectivas contra Hizbul\u00e1 en sur del L\u00edbano"},"content":{"rendered":"<p>JERUSAL\u00c9N, 16 mar (Xinhua) &#8212; Las Fuerzas de Defensa de Israel anunciaron hoy lunes que han comenzado \u00aboperaciones terrestres limitadas y selectivas\u00bb contra bastiones clave de Hizbul\u00e1 en el sur del L\u00edbano. El ministro de Defensa israel\u00ed, Israel Katz, confirm\u00f3 la operaci\u00f3n y afirm\u00f3 que el objetivo es \u00abeliminar amenazas y proteger a los residentes del norte\u00bb. Fuentes de seguridad y testigos presenciales informaron de intensos enfrentamientos entre tropas israel\u00edes y combatientes de Hizbul\u00e1 a lo largo de varios ejes fronterizos. Las fuerzas israel\u00edes han estado avanzando hacia la L\u00ednea Azul, la frontera demarcada por la ONU entre Israel y el L\u00edbano, estableciendo posiciones en ciudades y puntos estrat\u00e9gicos en toda la regi\u00f3n fronteriza. Esta escalada forma parte de una ampliaci\u00f3n del conflicto en Oriente Medio que comenz\u00f3 el 28 de febrero con una campa\u00f1a a\u00e9rea conjunta entre Estados Unidos e Israel contra Ir\u00e1n. Hizbul\u00e1, que controla gran parte del sur del L\u00edbano y es un aliado clave de Ir\u00e1n, ha intercambiado regularmente ataques con cohetes y drones con las fuerzas israel\u00edes desde que reanud\u00f3 sus ofensivas el 2 de marzo, dos d\u00edas despu\u00e9s de la muerte del exl\u00edder supremo de Ir\u00e1n, Al\u00ed Jamene\u00ed, en un ataque conjunto entre Estados Unidos e Israel. Los combatientes de Hizbul\u00e1 han fortificado sus posiciones y repelido los avances israel\u00edes, provocando algunos de los enfrentamientos fronterizos m\u00e1s intensos desde que un fr\u00e1gil alto el fuego pusiera fin a la guerra anterior, que dur\u00f3 un a\u00f1o, a finales de 2024. El alto el fuego hab\u00eda detenido las hostilidades generalizadas que desplazaron a cientos de miles de personas y causaron importantes da\u00f1os a la infraestructura en ambos lados. Fin<\/p>\n","protected":false},"excerpt":{"rendered":"<p>JERUSAL\u00c9N, 16 mar (Xinhua) &#8212; Las Fuerzas de Defensa de Israel anunciaron hoy lunes que&#8230;<\/p>\n","protected":false},"author":1,"featured_media":0,"comment_status":"closed","ping_status":"closed","sticky":false,"template":"","format":"standard","meta":{"footnotes":""},"categories":[2],"tags":[],"class_list":["post-26858","post","type-post","status-publish","format-standard","hentry","category-internacional"],"_links":{"self":[{"href":"https:\/\/informadorweb.com\/index.php?rest_route=\/wp\/v2\/posts\/26858","targetHints":{"allow":["GET"]}}],"collection":[{"href":"https:\/\/informadorweb.com\/index.php?rest_route=\/wp\/v2\/posts"}],"about":[{"href":"https:\/\/informadorweb.com\/index.php?rest_route=\/wp\/v2\/types\/post"}],"author":[{"embeddable":true,"href":"https:\/\/informadorweb.com\/index.php?rest_route=\/wp\/v2\/users\/1"}],"replies":[{"embeddable":true,"href":"https:\/\/informadorweb.com\/index.php?rest_route=%2Fwp%2Fv2%2Fcomments&post=26858"}],"version-history":[{"count":1,"href":"https:\/\/informadorweb.com\/index.php?rest_route=\/wp\/v2\/posts\/26858\/revisions"}],"predecessor-version":[{"id":26859,"href":"https:\/\/informadorweb.com\/index.php?rest_route=\/wp\/v2\/posts\/26858\/revisions\/26859"}],"wp:attachment":[{"href":"https:\/\/informadorweb.com\/index.php?rest_route=%2Fwp%2Fv2%2Fmedia&parent=26858"}],"wp:term":[{"taxonomy":"category","embeddable":true,"href":"https:\/\/informadorweb.com\/index.php?rest_route=%2Fwp%2Fv2%2Fcategories&post=26858"},{"taxonomy":"post_tag","embeddable":true,"href":"https:\/\/informadorweb.com\/index.php?rest_route=%2Fwp%2Fv2%2Ftags&post=26858"}],"curies":[{"name":"wp","href":"https:\/\/api.w.org\/{rel}","templated":true}]}}