{"id":26846,"date":"2026-03-17T00:57:00","date_gmt":"2026-03-17T06:57:00","guid":{"rendered":"https:\/\/informadorweb.com\/?p=26846"},"modified":"2026-03-17T06:57:02","modified_gmt":"2026-03-17T06:57:02","slug":"lideres-de-emiratos-arabes-unidos-y-arabia-saudi-discuten-tensiones-regionales-por-telefono-e-instan-a-desescalada","status":"publish","type":"post","link":"https:\/\/informadorweb.com\/?p=26846","title":{"rendered":"L\u00edderes de Emiratos \u00c1rabes Unidos y Arabia Saud\u00ed discuten tensiones regionales por tel\u00e9fono e instan a desescalada"},"content":{"rendered":"<p>ABU DABI, 16 mar (Xinhua) &#8212; El presidente de los Emiratos \u00c1rabes Unidos (EAU), el jeque Mohamed bin Zayed Al Nahyan, y el pr\u00edncipe heredero y primer ministro saud\u00ed, Mohammed bin Salman Al Saud, abordaron la situaci\u00f3n regional durante una conversaci\u00f3n telef\u00f3nica hoy lunes, incluyendo la escalada de las acciones militares y su impacto en la seguridad regional y global. Seg\u00fan la Agencia de Noticias de los Emiratos, ambas partes enfatizaron la necesidad de un cese inmediato de la escalada militar, advirtiendo que amenaza la estabilidad y la seguridad en la regi\u00f3n y m\u00e1s all\u00e1. Subrayaron la importancia de priorizar el di\u00e1logo y la diplomacia para abordar los problemas regionales y preservar la paz y la seguridad. Desde el inicio de los ataques conjuntos entre Estados Unidos e Israel contra Ir\u00e1n el 28 de febrero, los Estados del Golfo han enfrentado oleadas de ataques con misiles y drones. Los EAU han reportado la interceptaci\u00f3n de m\u00e1s de 1.500 drones hasta la fecha. Fin<\/p>\n","protected":false},"excerpt":{"rendered":"<p>ABU DABI, 16 mar (Xinhua) &#8212; El presidente de los Emiratos \u00c1rabes Unidos (EAU), el&#8230;<\/p>\n","protected":false},"author":1,"featured_media":0,"comment_status":"closed","ping_status":"closed","sticky":false,"template":"","format":"standard","meta":{"footnotes":""},"categories":[2],"tags":[],"class_list":["post-26846","post","type-post","status-publish","format-standard","hentry","category-internacional"],"_links":{"self":[{"href":"https:\/\/informadorweb.com\/index.php?rest_route=\/wp\/v2\/posts\/26846","targetHints":{"allow":["GET"]}}],"collection":[{"href":"https:\/\/informadorweb.com\/index.php?rest_route=\/wp\/v2\/posts"}],"about":[{"href":"https:\/\/informadorweb.com\/index.php?rest_route=\/wp\/v2\/types\/post"}],"author":[{"embeddable":true,"href":"https:\/\/informadorweb.com\/index.php?rest_route=\/wp\/v2\/users\/1"}],"replies":[{"embeddable":true,"href":"https:\/\/informadorweb.com\/index.php?rest_route=%2Fwp%2Fv2%2Fcomments&post=26846"}],"version-history":[{"count":1,"href":"https:\/\/informadorweb.com\/index.php?rest_route=\/wp\/v2\/posts\/26846\/revisions"}],"predecessor-version":[{"id":26847,"href":"https:\/\/informadorweb.com\/index.php?rest_route=\/wp\/v2\/posts\/26846\/revisions\/26847"}],"wp:attachment":[{"href":"https:\/\/informadorweb.com\/index.php?rest_route=%2Fwp%2Fv2%2Fmedia&parent=26846"}],"wp:term":[{"taxonomy":"category","embeddable":true,"href":"https:\/\/informadorweb.com\/index.php?rest_route=%2Fwp%2Fv2%2Fcategories&post=26846"},{"taxonomy":"post_tag","embeddable":true,"href":"https:\/\/informadorweb.com\/index.php?rest_route=%2Fwp%2Fv2%2Ftags&post=26846"}],"curies":[{"name":"wp","href":"https:\/\/api.w.org\/{rel}","templated":true}]}}