{"id":25660,"date":"2026-03-14T09:49:49","date_gmt":"2026-03-14T15:49:49","guid":{"rendered":"https:\/\/informadorweb.com\/?p=25660"},"modified":"2026-03-14T15:49:50","modified_gmt":"2026-03-14T15:49:50","slug":"presidente-uruguayo-destaca-coordinacion-regional-tras-captura-de-buscado-narcotraficante","status":"publish","type":"post","link":"https:\/\/informadorweb.com\/?p=25660","title":{"rendered":"Presidente uruguayo destaca coordinaci\u00f3n regional tras captura de buscado narcotraficante"},"content":{"rendered":"<p>MONTEVIDEO, 13 mar (Xinhua) &#8212; El presidente de Uruguay, Yamand\u00fa Orsi, afirm\u00f3 este viernes que la captura hoy en Bolivia del uruguayo Sebasti\u00e1n Marset, acusado de narcotr\u00e1fico, demuestra la \u00abnecesidad de coordinaci\u00f3n\u00bb entre los pa\u00edses para combatir el crimen organizado. En declaraciones a la prensa en el departamento de Florida (sur), el mandatario se\u00f1al\u00f3 que habl\u00f3 por tel\u00e9fono con su par boliviano, Rodrigo Paz Pereira, para conocer detalles del operativo que deriv\u00f3 en la detenci\u00f3n del pr\u00f3fugo, buscado en varios pa\u00edses de la regi\u00f3n. \u00abAcabo de cortar de hablar con el presidente Paz\u00bb, dijo Orsi, quien explic\u00f3 que ambos hab\u00edan abordado el tema al coincidir en Santiago de Chile y que su par boliviano le dijo que \u00abtuvieron que superar algunas cosas internas que ten\u00edan, que no permit\u00eda la captura r\u00e1pida\u00bb. \u00abPor lo que me dijo \u00e9l se pudo resolver y esto habla de la necesidad de coordinaci\u00f3n\u00bb a nivel de organismos de seguridad, a\u00f1adi\u00f3 el mandatario. Por otro lado, el ministro del Interior de Uruguay, Carlos Negro, inform\u00f3 en una conferencia de prensa en Montevideo que esa cartera facilit\u00f3 informaci\u00f3n a Bolivia en el marco de la operaci\u00f3n. \u00abAportamos los datos y todo el conocimiento que ten\u00edamos acerca de las operaciones e investigaciones que se estaban realizando en Uruguay respecto a Marset y el eventual paradero\u00bb, afirm\u00f3. Aunque la justicia uruguaya no tiene causas abiertas contra Marset, Negro indic\u00f3 que existe la \u00abcerteza policial\u00bb de que el narcotraficante particip\u00f3 en hechos il\u00edcitos en Uruguay. Tras ser capturado hoy en Bolivia, el uruguayo fue interrogado por agentes de la Administraci\u00f3n para el Control de Drogas (DEA, por siglas en ingl\u00e9s) de Estados Unidos, quienes luego lo trasladaron en un avi\u00f3n con destino a ese pa\u00eds, donde es requerido por la justicia. A Marset, de 34 a\u00f1os, lo responsabilizan de liderar una red criminal internacional de tr\u00e1fico de drogas y tiene requisitorias de pa\u00edses como Bolivia, Paraguay y Estados Unidos. Fin<\/p>\n","protected":false},"excerpt":{"rendered":"<p>MONTEVIDEO, 13 mar (Xinhua) &#8212; El presidente de Uruguay, Yamand\u00fa Orsi, afirm\u00f3 este viernes que&#8230;<\/p>\n","protected":false},"author":1,"featured_media":0,"comment_status":"closed","ping_status":"closed","sticky":false,"template":"","format":"standard","meta":{"footnotes":""},"categories":[2],"tags":[],"class_list":["post-25660","post","type-post","status-publish","format-standard","hentry","category-internacional"],"_links":{"self":[{"href":"https:\/\/informadorweb.com\/index.php?rest_route=\/wp\/v2\/posts\/25660","targetHints":{"allow":["GET"]}}],"collection":[{"href":"https:\/\/informadorweb.com\/index.php?rest_route=\/wp\/v2\/posts"}],"about":[{"href":"https:\/\/informadorweb.com\/index.php?rest_route=\/wp\/v2\/types\/post"}],"author":[{"embeddable":true,"href":"https:\/\/informadorweb.com\/index.php?rest_route=\/wp\/v2\/users\/1"}],"replies":[{"embeddable":true,"href":"https:\/\/informadorweb.com\/index.php?rest_route=%2Fwp%2Fv2%2Fcomments&post=25660"}],"version-history":[{"count":1,"href":"https:\/\/informadorweb.com\/index.php?rest_route=\/wp\/v2\/posts\/25660\/revisions"}],"predecessor-version":[{"id":25661,"href":"https:\/\/informadorweb.com\/index.php?rest_route=\/wp\/v2\/posts\/25660\/revisions\/25661"}],"wp:attachment":[{"href":"https:\/\/informadorweb.com\/index.php?rest_route=%2Fwp%2Fv2%2Fmedia&parent=25660"}],"wp:term":[{"taxonomy":"category","embeddable":true,"href":"https:\/\/informadorweb.com\/index.php?rest_route=%2Fwp%2Fv2%2Fcategories&post=25660"},{"taxonomy":"post_tag","embeddable":true,"href":"https:\/\/informadorweb.com\/index.php?rest_route=%2Fwp%2Fv2%2Ftags&post=25660"}],"curies":[{"name":"wp","href":"https:\/\/api.w.org\/{rel}","templated":true}]}}