{"id":25656,"date":"2026-03-14T09:48:40","date_gmt":"2026-03-14T15:48:40","guid":{"rendered":"https:\/\/informadorweb.com\/?p=25656"},"modified":"2026-03-14T15:48:41","modified_gmt":"2026-03-14T15:48:41","slug":"expresidente-brasileno-jair-bolsonaro-es-internado-en-terapia-intensiva-por-cuadro-de-bronconeumonia","status":"publish","type":"post","link":"https:\/\/informadorweb.com\/?p=25656","title":{"rendered":"Expresidente brasile\u00f1o Jair Bolsonaro es internado en terapia intensiva por cuadro de bronconeumon\u00eda"},"content":{"rendered":"<p>BRASILIA, 13 mar (Xinhua) &#8212; El expresidente de Brasil, Jair Bolsonaro (2019-2022), fue internado hoy viernes en el Hospital DF Star, en Brasilia, donde le diagnosticaron una bronconeumon\u00eda bacteriana, por lo que permanece en la unidad de terapia intensiva, inform\u00f3 el nosocomio en un bolet\u00edn m\u00e9dico. El documento se\u00f1al\u00f3 que el exmandatario \u00abfue sometido a ex\u00e1menes de imagen y de laboratorio que confirmaron una bronconeumon\u00eda bacteriana bilateral de probable origen aspirativo. En este momento se encuentra internado en la unidad de terapia intensiva, en tratamiento con antibioticoterapia venosa y soporte cl\u00ednico no invasivo\u00bb. Flavio Bolsonaro, hijo del expresidente, inform\u00f3 a la prensa que el padre presentaba l\u00edquido en los pulmones luego de un episodio de broncoaspiraci\u00f3n, condici\u00f3n que ocurre cuando alimentos, saliva o contenido g\u00e1strico ingresan a las v\u00edas respiratorias. Bolsonaro fue condenado en septiembre de 2025 por el Supremo Tribunal Federal (STF) a 27 a\u00f1os y tres meses de prisi\u00f3n por liderar una tentativa de golpe de Estado y ahora cumple la condena en el 19\u00ba Batall\u00f3n de la Polic\u00eda Militar del Distrito Federal (PMDF). Fin<\/p>\n","protected":false},"excerpt":{"rendered":"<p>BRASILIA, 13 mar (Xinhua) &#8212; El expresidente de Brasil, Jair Bolsonaro (2019-2022), fue internado hoy&#8230;<\/p>\n","protected":false},"author":1,"featured_media":0,"comment_status":"closed","ping_status":"closed","sticky":false,"template":"","format":"standard","meta":{"footnotes":""},"categories":[2],"tags":[],"class_list":["post-25656","post","type-post","status-publish","format-standard","hentry","category-internacional"],"_links":{"self":[{"href":"https:\/\/informadorweb.com\/index.php?rest_route=\/wp\/v2\/posts\/25656","targetHints":{"allow":["GET"]}}],"collection":[{"href":"https:\/\/informadorweb.com\/index.php?rest_route=\/wp\/v2\/posts"}],"about":[{"href":"https:\/\/informadorweb.com\/index.php?rest_route=\/wp\/v2\/types\/post"}],"author":[{"embeddable":true,"href":"https:\/\/informadorweb.com\/index.php?rest_route=\/wp\/v2\/users\/1"}],"replies":[{"embeddable":true,"href":"https:\/\/informadorweb.com\/index.php?rest_route=%2Fwp%2Fv2%2Fcomments&post=25656"}],"version-history":[{"count":1,"href":"https:\/\/informadorweb.com\/index.php?rest_route=\/wp\/v2\/posts\/25656\/revisions"}],"predecessor-version":[{"id":25657,"href":"https:\/\/informadorweb.com\/index.php?rest_route=\/wp\/v2\/posts\/25656\/revisions\/25657"}],"wp:attachment":[{"href":"https:\/\/informadorweb.com\/index.php?rest_route=%2Fwp%2Fv2%2Fmedia&parent=25656"}],"wp:term":[{"taxonomy":"category","embeddable":true,"href":"https:\/\/informadorweb.com\/index.php?rest_route=%2Fwp%2Fv2%2Fcategories&post=25656"},{"taxonomy":"post_tag","embeddable":true,"href":"https:\/\/informadorweb.com\/index.php?rest_route=%2Fwp%2Fv2%2Ftags&post=25656"}],"curies":[{"name":"wp","href":"https:\/\/api.w.org\/{rel}","templated":true}]}}