{"id":25580,"date":"2026-03-14T09:20:26","date_gmt":"2026-03-14T15:20:26","guid":{"rendered":"https:\/\/informadorweb.com\/?p=25580"},"modified":"2026-03-14T15:20:27","modified_gmt":"2026-03-14T15:20:27","slug":"altos-funcionarios-chinos-asistiran-a-reunion-ministerial-de-dialogo-estrategico-china-vietnam-33-en-vietnam","status":"publish","type":"post","link":"https:\/\/informadorweb.com\/?p=25580","title":{"rendered":"Altos funcionarios chinos asistir\u00e1n a reuni\u00f3n ministerial de di\u00e1logo estrat\u00e9gico China-Vietnam \u00ab3+3\u00bb en Vietnam"},"content":{"rendered":"<p>BEIJING, 13 mar (Xinhua) &#8212; Un portavoz del Ministerio de Relaciones Exteriores de China anunci\u00f3 hoy viernes que, por invitaci\u00f3n de la parte vietnamita, el miembro del Bur\u00f3 Pol\u00edtico del Comit\u00e9 Central del Partido Comunista de China (PCCh) y ministro de Relaciones Exteriores, Wang Yi, el miembro de la Secretar\u00eda del Comit\u00e9 Central del PCCh y ministro de Seguridad P\u00fablica, Wang Xiaohong, y el ministro de Defensa Nacional, Dong Jun, estar\u00e1n en Vietnam del 15 al 17 de marzo para participar de la primera reuni\u00f3n ministerial del di\u00e1logo estrat\u00e9gico China-Vietnam \u00ab3+3\u00bb sobre diplomacia, defensa y seguridad p\u00fablica. El portavoz tambi\u00e9n anunci\u00f3 que Wang Yi copresidir\u00e1 la 17\u00aa reuni\u00f3n del Comit\u00e9 Directivo China-Vietnam para la Cooperaci\u00f3n Bilateral junto con el l\u00edder de la parte vietnamita. Fin<\/p>\n","protected":false},"excerpt":{"rendered":"<p>BEIJING, 13 mar (Xinhua) &#8212; Un portavoz del Ministerio de Relaciones Exteriores de China anunci\u00f3&#8230;<\/p>\n","protected":false},"author":1,"featured_media":0,"comment_status":"closed","ping_status":"closed","sticky":false,"template":"","format":"standard","meta":{"footnotes":""},"categories":[2],"tags":[],"class_list":["post-25580","post","type-post","status-publish","format-standard","hentry","category-internacional"],"_links":{"self":[{"href":"https:\/\/informadorweb.com\/index.php?rest_route=\/wp\/v2\/posts\/25580","targetHints":{"allow":["GET"]}}],"collection":[{"href":"https:\/\/informadorweb.com\/index.php?rest_route=\/wp\/v2\/posts"}],"about":[{"href":"https:\/\/informadorweb.com\/index.php?rest_route=\/wp\/v2\/types\/post"}],"author":[{"embeddable":true,"href":"https:\/\/informadorweb.com\/index.php?rest_route=\/wp\/v2\/users\/1"}],"replies":[{"embeddable":true,"href":"https:\/\/informadorweb.com\/index.php?rest_route=%2Fwp%2Fv2%2Fcomments&post=25580"}],"version-history":[{"count":1,"href":"https:\/\/informadorweb.com\/index.php?rest_route=\/wp\/v2\/posts\/25580\/revisions"}],"predecessor-version":[{"id":25581,"href":"https:\/\/informadorweb.com\/index.php?rest_route=\/wp\/v2\/posts\/25580\/revisions\/25581"}],"wp:attachment":[{"href":"https:\/\/informadorweb.com\/index.php?rest_route=%2Fwp%2Fv2%2Fmedia&parent=25580"}],"wp:term":[{"taxonomy":"category","embeddable":true,"href":"https:\/\/informadorweb.com\/index.php?rest_route=%2Fwp%2Fv2%2Fcategories&post=25580"},{"taxonomy":"post_tag","embeddable":true,"href":"https:\/\/informadorweb.com\/index.php?rest_route=%2Fwp%2Fv2%2Ftags&post=25580"}],"curies":[{"name":"wp","href":"https:\/\/api.w.org\/{rel}","templated":true}]}}