{"id":25038,"date":"2026-03-13T17:48:44","date_gmt":"2026-03-13T23:48:44","guid":{"rendered":"https:\/\/informadorweb.com\/?p=25038"},"modified":"2026-03-13T23:48:45","modified_gmt":"2026-03-13T23:48:45","slug":"venezuela-reporta-altos-niveles-de-abastecimiento-de-alimentos","status":"publish","type":"post","link":"https:\/\/informadorweb.com\/?p=25038","title":{"rendered":"Venezuela reporta altos niveles de abastecimiento de alimentos"},"content":{"rendered":"<div class=\"el-scrollbar__wrap\">\n<div class=\"el-scrollbar__view\">\n<div class=\"news-content\" data-v-e79c3ee4=\"\">CARACAS, 12 mar (Xinhua) &#8212; Venezuela ha alcanzado en lo que va de a\u00f1o un nivel de abastecimiento de alimentos superior al 99 por ciento, seg\u00fan inform\u00f3 este jueves el ministro de Alimentaci\u00f3n venezolano, Carlos Leal Teller\u00eda, quien destac\u00f3 que el pa\u00eds registra actualmente indicadores que reflejan una amplia disponibilidad de productos en los canales de distribuci\u00f3n. El funcionario se\u00f1al\u00f3 que este resultado representa un cambio significativo respecto a a\u00f1os anteriores, cuando el sistema de suministro enfrentaba niveles considerablemente m\u00e1s bajos. \u00abDesde el 2017, cuando ten\u00edamos 27 por ciento de abastecimiento nacional, hoy, a\u00f1o 2026, los niveles alcanzan el 99,04 por ciento\u00bb, afirm\u00f3. Durante una actividad realizada con motivo del D\u00eda Nacional de la Alimentaci\u00f3n y transmitida por la televisora estatal, el ministro explic\u00f3 que el sistema de distribuci\u00f3n mantiene un flujo constante de productos que supera las 748.000 toneladas mensuales. Seg\u00fan indic\u00f3, este volumen refleja la expansi\u00f3n de la producci\u00f3n y de los mecanismos log\u00edsticos que permiten abastecer tanto a la red p\u00fablica como a los comercios privados en todo el territorio. Leal Teller\u00eda tambi\u00e9n resalt\u00f3 que el consumo alimentario promedio en el pa\u00eds supera actualmente los 504 kilogramos por persona al a\u00f1o, indicador que, a su juicio, evidencia la recuperaci\u00f3n del sistema agroalimentario nacional. El titular de la cartera alimentaria subray\u00f3 que las pol\u00edticas p\u00fablicas impulsadas en este \u00e1mbito apuntan a consolidar la seguridad alimentaria y a avanzar hacia una meta de \u00abcero d\u00e9ficits nutricionales\u00bb. Asimismo, destac\u00f3 el papel que cumplen agricultores, pescadores y organizaciones comunitarias en el fortalecimiento de la producci\u00f3n y la distribuci\u00f3n de alimentos dentro del pa\u00eds. Las autoridades venezolanas sostienen que la combinaci\u00f3n entre producci\u00f3n nacional, redes de distribuci\u00f3n y participaci\u00f3n comunitaria constituye uno de los pilares del actual sistema agroalimentario del pa\u00eds. Fin<\/div>\n<\/div>\n<\/div>\n<div class=\"el-scrollbar__bar is-horizontal\"><\/div>\n","protected":false},"excerpt":{"rendered":"<p>CARACAS, 12 mar (Xinhua) &#8212; Venezuela ha alcanzado en lo que va de a\u00f1o un&#8230;<\/p>\n","protected":false},"author":1,"featured_media":0,"comment_status":"closed","ping_status":"closed","sticky":false,"template":"","format":"standard","meta":{"footnotes":""},"categories":[2],"tags":[],"class_list":["post-25038","post","type-post","status-publish","format-standard","hentry","category-internacional"],"_links":{"self":[{"href":"https:\/\/informadorweb.com\/index.php?rest_route=\/wp\/v2\/posts\/25038","targetHints":{"allow":["GET"]}}],"collection":[{"href":"https:\/\/informadorweb.com\/index.php?rest_route=\/wp\/v2\/posts"}],"about":[{"href":"https:\/\/informadorweb.com\/index.php?rest_route=\/wp\/v2\/types\/post"}],"author":[{"embeddable":true,"href":"https:\/\/informadorweb.com\/index.php?rest_route=\/wp\/v2\/users\/1"}],"replies":[{"embeddable":true,"href":"https:\/\/informadorweb.com\/index.php?rest_route=%2Fwp%2Fv2%2Fcomments&post=25038"}],"version-history":[{"count":1,"href":"https:\/\/informadorweb.com\/index.php?rest_route=\/wp\/v2\/posts\/25038\/revisions"}],"predecessor-version":[{"id":25039,"href":"https:\/\/informadorweb.com\/index.php?rest_route=\/wp\/v2\/posts\/25038\/revisions\/25039"}],"wp:attachment":[{"href":"https:\/\/informadorweb.com\/index.php?rest_route=%2Fwp%2Fv2%2Fmedia&parent=25038"}],"wp:term":[{"taxonomy":"category","embeddable":true,"href":"https:\/\/informadorweb.com\/index.php?rest_route=%2Fwp%2Fv2%2Fcategories&post=25038"},{"taxonomy":"post_tag","embeddable":true,"href":"https:\/\/informadorweb.com\/index.php?rest_route=%2Fwp%2Fv2%2Ftags&post=25038"}],"curies":[{"name":"wp","href":"https:\/\/api.w.org\/{rel}","templated":true}]}}