{"id":25014,"date":"2026-03-13T17:36:56","date_gmt":"2026-03-13T23:36:56","guid":{"rendered":"https:\/\/informadorweb.com\/?p=25014"},"modified":"2026-03-13T23:36:58","modified_gmt":"2026-03-13T23:36:58","slug":"petro-y-trump-dialogan-sobre-seguridad-narcotrafico-y-frontera-con-venezuela-2","status":"publish","type":"post","link":"https:\/\/informadorweb.com\/?p=25014","title":{"rendered":"Petro y Trump dialogan sobre seguridad, narcotr\u00e1fico y frontera con Venezuela"},"content":{"rendered":"<p>BOGOT\u00c1, 12 mar (Xinhua) &#8212; El presidente de Colombia, Gustavo Petro, sostuvo este jueves una conversaci\u00f3n telef\u00f3nica de unos 30 minutos con su hom\u00f3logo de Estados Unidos, Donald Trump, en la que abordaron temas como energ\u00eda, hidrocarburos, seguridad, erradicaci\u00f3n de cultivos il\u00edcitos, lucha contra el narcotr\u00e1fico y la reactivaci\u00f3n econ\u00f3mica de la frontera con Venezuela, inform\u00f3 la Presidencia colombiana. De acuerdo con un comunicado, el mandatario estadounidense ofreci\u00f3 disculpas a Petro por no haberlo incluido en la coalici\u00f3n regional denominada Escudo de las Am\u00e9ricas, presentada el pasado fin de semana en Florida y orientada a reforzar la cooperaci\u00f3n militar contra el narcotr\u00e1fico en el continente. \u00abEl presidente colombiano le extendi\u00f3 a su hom\u00f3logo estadounidense la invitaci\u00f3n a Cartagena, quien lo recibi\u00f3 con mucho agrado, al tiempo que le manifest\u00f3 que el presidente Petro siempre ser\u00e1 bienvenido a los Estados Unidos, adem\u00e1s que se disculp\u00f3 por alg\u00fan error en la invitaci\u00f3n a Miami y le se\u00f1al\u00f3 que siempre ser\u00e1 muy bien invitado\u00bb, se\u00f1al\u00f3 la Presidencia. El presidente Petro se\u00f1al\u00f3 el mi\u00e9rcoles que ni Colombia ni M\u00e9xico ni Brasil fueron invitados a la cumbre \u00abEscudo de las Am\u00e9ricas\u00bb y critic\u00f3 que se pretenda hacer una alianza contra el narcotr\u00e1fico sin los pa\u00edses que tienen mayor experiencia y capacidad en esa materia. \u00abEn la llamada, el presidente Trump agradeci\u00f3 la comunicaci\u00f3n y le recalc\u00f3 que desea tener mayor contacto con el mandatario colombiano, a quien le manifest\u00f3 su amistad adem\u00e1s de repetirle que le cae muy bien\u00bb, detall\u00f3 la nota oficial. Sostuvo que antes de finalizar la conversaci\u00f3n telef\u00f3nica, el presidente Trump le dese\u00f3 a Petro suerte con la reuni\u00f3n que sostendr\u00e1 ma\u00f1ana viernes con la presidenta encargada de Venezuela, Delcy Rodr\u00edguez. Fin<\/p>\n","protected":false},"excerpt":{"rendered":"<p>BOGOT\u00c1, 12 mar (Xinhua) &#8212; El presidente de Colombia, Gustavo Petro, sostuvo este jueves una&#8230;<\/p>\n","protected":false},"author":1,"featured_media":0,"comment_status":"closed","ping_status":"closed","sticky":false,"template":"","format":"standard","meta":{"footnotes":""},"categories":[2],"tags":[],"class_list":["post-25014","post","type-post","status-publish","format-standard","hentry","category-internacional"],"_links":{"self":[{"href":"https:\/\/informadorweb.com\/index.php?rest_route=\/wp\/v2\/posts\/25014","targetHints":{"allow":["GET"]}}],"collection":[{"href":"https:\/\/informadorweb.com\/index.php?rest_route=\/wp\/v2\/posts"}],"about":[{"href":"https:\/\/informadorweb.com\/index.php?rest_route=\/wp\/v2\/types\/post"}],"author":[{"embeddable":true,"href":"https:\/\/informadorweb.com\/index.php?rest_route=\/wp\/v2\/users\/1"}],"replies":[{"embeddable":true,"href":"https:\/\/informadorweb.com\/index.php?rest_route=%2Fwp%2Fv2%2Fcomments&post=25014"}],"version-history":[{"count":1,"href":"https:\/\/informadorweb.com\/index.php?rest_route=\/wp\/v2\/posts\/25014\/revisions"}],"predecessor-version":[{"id":25015,"href":"https:\/\/informadorweb.com\/index.php?rest_route=\/wp\/v2\/posts\/25014\/revisions\/25015"}],"wp:attachment":[{"href":"https:\/\/informadorweb.com\/index.php?rest_route=%2Fwp%2Fv2%2Fmedia&parent=25014"}],"wp:term":[{"taxonomy":"category","embeddable":true,"href":"https:\/\/informadorweb.com\/index.php?rest_route=%2Fwp%2Fv2%2Fcategories&post=25014"},{"taxonomy":"post_tag","embeddable":true,"href":"https:\/\/informadorweb.com\/index.php?rest_route=%2Fwp%2Fv2%2Ftags&post=25014"}],"curies":[{"name":"wp","href":"https:\/\/api.w.org\/{rel}","templated":true}]}}