{"id":24988,"date":"2026-03-13T17:24:19","date_gmt":"2026-03-13T23:24:19","guid":{"rendered":"https:\/\/informadorweb.com\/?p=24988"},"modified":"2026-03-13T23:24:21","modified_gmt":"2026-03-13T23:24:21","slug":"especial-miles-marchan-en-venezuela-para-exigir-la-liberacion-de-maduro-y-cilia-flores","status":"publish","type":"post","link":"https:\/\/informadorweb.com\/?p=24988","title":{"rendered":"Especial: Miles marchan en Venezuela para exigir la liberaci\u00f3n de Maduro y Cilia Flores"},"content":{"rendered":"<p>CARACAS, 12 mar (Xinhua) &#8212; Miles de venezolanos marcharon este jueves por el centro de Caracas y en otras ciudades de Venezuela en una jornada de movilizaci\u00f3n en defensa de la soberan\u00eda, la libertad y la paz, y para exigir la liberaci\u00f3n del presidente Nicol\u00e1s Maduro y de la primera dama Cilia Flores, presos en Estados Unidos tras la acci\u00f3n militar del pasado 3 de enero. En la capital venezolana la marcha recorri\u00f3 la c\u00e9ntrica avenida M\u00e9xico, hasta los alrededores del Palacio Federal Legislativo. Portaron carteles y fotos de Maduro y Flores, que se alternaban con otros con consignas contra Estados Unidos. Noel Urbina particip\u00f3 en la marcha con una pancarta escrita a mano, donde se advert\u00eda: \u00abTrump no eres due\u00f1o del mundo. Te falta poco, ser\u00e1s enjuiciado. Venezuela no se entrega\u00bb. \u00ab\u00bfC\u00f3mo es posible que el pueblo norteamericano tenga un presidente de semejante cala\u00f1a?\u00bb, se pregunt\u00f3 Urbina en di\u00e1logo con Xinhua. \u00abLos pueblos del mundo estamos pidiendo unidad y que el pueblo norteamericano despierte y sepa que su presidente gasta millones de d\u00f3lares en una guerra que est\u00e1 perdiendo\u00bb, remarc\u00f3. En otro sector de la movilizaci\u00f3n en Caracas, Yanira Vi\u00f1a marchaba con una peque\u00f1a bandera de Ir\u00e1n. Dijo a Xinhua que la llevaba para recordar \u00abque Ir\u00e1n est\u00e1 peleando no solo por ellos, sino por la humanidad. Est\u00e1 peleando por la dignidad de todos nosotros, los que no podemos salir con ellos a luchar\u00bb. Dina Coronado, por su parte, portaba junto a sus compa\u00f1eros una gran pancarta con la consigna \u00abComuna o Nada\u00bb. Ella protest\u00f3 por los ataques de Estados Unidos e Israel contra Ir\u00e1n. \u00abMira todo lo que est\u00e1 sucediendo. Madres que han perdido sus hijas. \u00bfC\u00f3mo es posible que lo permitamos y que nadie diga nada?\u00bb, coment\u00f3 indignada. Otro manifestante, Luis Curpi, dijo a Xinhua que Estados Unidos act\u00faa tanto en Venezuela como en Ir\u00e1n \u00abexclusivamente por el petr\u00f3leo. Estados Unidos est\u00e1 en una situaci\u00f3n en bancarrota, recuerden que es un pa\u00eds que siempre ha vivido de la guerra. En Ir\u00e1n atacaron sin medida a un Estado soberano\u00bb. \u00abA nuestro pueblo hermano de Ir\u00e1n desde aqu\u00ed, desde Venezuela, le decimos fuerza. Fuerza, y que siga con esa resistencia, y con esa humildad\u00bb, coment\u00f3 por su parte Adonis Gonz\u00e1lez, otro participante en la masiva movilizaci\u00f3n. El secretario general del gobernante Partido Socialista Unido de Venezuela (PSUV), Diosdado Cabello, confirm\u00f3 durante su programa televisivo semanal que el despliegue de las fuerzas sociales progubernamentales incluir\u00eda actividades de calle en todo el pa\u00eds con la participaci\u00f3n de organizaciones que integran la coalici\u00f3n de partidos llamada \u00abGran Polo Patri\u00f3tico\u00bb. Fin<\/p>\n","protected":false},"excerpt":{"rendered":"<p>CARACAS, 12 mar (Xinhua) &#8212; Miles de venezolanos marcharon este jueves por el centro de&#8230;<\/p>\n","protected":false},"author":1,"featured_media":0,"comment_status":"closed","ping_status":"closed","sticky":false,"template":"","format":"standard","meta":{"footnotes":""},"categories":[2],"tags":[],"class_list":["post-24988","post","type-post","status-publish","format-standard","hentry","category-internacional"],"_links":{"self":[{"href":"https:\/\/informadorweb.com\/index.php?rest_route=\/wp\/v2\/posts\/24988","targetHints":{"allow":["GET"]}}],"collection":[{"href":"https:\/\/informadorweb.com\/index.php?rest_route=\/wp\/v2\/posts"}],"about":[{"href":"https:\/\/informadorweb.com\/index.php?rest_route=\/wp\/v2\/types\/post"}],"author":[{"embeddable":true,"href":"https:\/\/informadorweb.com\/index.php?rest_route=\/wp\/v2\/users\/1"}],"replies":[{"embeddable":true,"href":"https:\/\/informadorweb.com\/index.php?rest_route=%2Fwp%2Fv2%2Fcomments&post=24988"}],"version-history":[{"count":1,"href":"https:\/\/informadorweb.com\/index.php?rest_route=\/wp\/v2\/posts\/24988\/revisions"}],"predecessor-version":[{"id":24989,"href":"https:\/\/informadorweb.com\/index.php?rest_route=\/wp\/v2\/posts\/24988\/revisions\/24989"}],"wp:attachment":[{"href":"https:\/\/informadorweb.com\/index.php?rest_route=%2Fwp%2Fv2%2Fmedia&parent=24988"}],"wp:term":[{"taxonomy":"category","embeddable":true,"href":"https:\/\/informadorweb.com\/index.php?rest_route=%2Fwp%2Fv2%2Fcategories&post=24988"},{"taxonomy":"post_tag","embeddable":true,"href":"https:\/\/informadorweb.com\/index.php?rest_route=%2Fwp%2Fv2%2Ftags&post=24988"}],"curies":[{"name":"wp","href":"https:\/\/api.w.org\/{rel}","templated":true}]}}