{"id":24986,"date":"2026-03-13T17:23:40","date_gmt":"2026-03-13T23:23:40","guid":{"rendered":"https:\/\/informadorweb.com\/?p=24986"},"modified":"2026-03-13T23:23:41","modified_gmt":"2026-03-13T23:23:41","slug":"ministro-mexicano-de-economia-descarta-impacto-por-nueva-investigacion-comercial-de-eeuu","status":"publish","type":"post","link":"https:\/\/informadorweb.com\/?p=24986","title":{"rendered":"Ministro mexicano de Econom\u00eda descarta impacto por nueva investigaci\u00f3n comercial de EEUU"},"content":{"rendered":"<p>M\u00c9XICO, 12 mar (Xinhua) &#8212; El secretario (ministro) mexicano de Econom\u00eda, Marcelo Ebrard, descart\u00f3 hoy jueves alg\u00fan impacto por la nueva investigaci\u00f3n comercial por parte de Estados Unidos, toda vez que el 85 por ciento del intercambio bilateral bajo el pacto de Norteam\u00e9rica no tiene que ver con el \u00abArt\u00edculo 301\u00bb de la Ley de Comercio del pa\u00eds vecino. Entrevistado al t\u00e9rmino de la \u00abConvocatoria: Misi\u00f3n comercial de M\u00e9xico a Canad\u00e1\u00bb, Ebrard dijo que dicha investigaci\u00f3n est\u00e1 destinada a regresar al \u00abstatus quo\u00bb que estaba antes o hasta el d\u00eda en que la Suprema Corte de Estados Unidos desech\u00f3 la aplicaci\u00f3n de algunos aranceles. \u00abEntonces, no estimamos que vaya a tener una repercusi\u00f3n que nos deba preocupar en el conjunto de lo que es el intercambio comercial\u00bb, recalc\u00f3 el ministro a reporteros. En la v\u00edspera, la Oficina del Representante Comercial de los Estados Unidos (USTR, por sus siglas en ingl\u00e9s) anunci\u00f3 el inicio de una investigaci\u00f3n, amparada en la secci\u00f3n 301 y 302 de la Ley de Comercio de 1974, sobre acciones o pr\u00e1cticas de diversas econom\u00edas, incluida la mexicana, sobre un \u00abexceso estructural de capacidad y producci\u00f3n\u00bb de los sectores manufacturero que pudieran obstaculizar o restringir el comercio estadounidense. Ebrard dijo que, por ahora, la \u00fanica preocupaci\u00f3n bilateral se refiere a c\u00f3mo hacer crecer el comercio, en la antesala del inicio de la revisi\u00f3n bilateral del Tratado M\u00e9xico-Estados Unidos-Canad\u00e1 (T-MEC) de libre comercio, previsto para la semana del 16 de marzo en Washington. Previamente, representantes de M\u00e9xico y Canad\u00e1 refrendaron su inter\u00e9s en mantener la trilateralidad del tratado, al tiempo que anunciaron una misi\u00f3n comercial de empresarios mexicanos a tres ciudades canadienses en mayo. El subsecretario de Comercio Exterior de la Secretar\u00eda (ministerio) de Econom\u00eda, Luis Rosendo Guti\u00e9rrez, dijo que el Gobierno de M\u00e9xico tiene muy claro que la participaci\u00f3n de Canad\u00e1 en el pacto comercial \u00abes fundamental\u00bb. Por su parte, el embajador canadiense en M\u00e9xico, Cameron Mackay, afirm\u00f3 en el evento que la revisi\u00f3n del tratado comercial representa \u00abuna oportunidad cr\u00edtica\u00bb para mejorar la asociaci\u00f3n de libre comercio. Fin<\/p>\n","protected":false},"excerpt":{"rendered":"<p>M\u00c9XICO, 12 mar (Xinhua) &#8212; El secretario (ministro) mexicano de Econom\u00eda, Marcelo Ebrard, descart\u00f3 hoy&#8230;<\/p>\n","protected":false},"author":1,"featured_media":0,"comment_status":"closed","ping_status":"closed","sticky":false,"template":"","format":"standard","meta":{"footnotes":""},"categories":[2],"tags":[],"class_list":["post-24986","post","type-post","status-publish","format-standard","hentry","category-internacional"],"_links":{"self":[{"href":"https:\/\/informadorweb.com\/index.php?rest_route=\/wp\/v2\/posts\/24986","targetHints":{"allow":["GET"]}}],"collection":[{"href":"https:\/\/informadorweb.com\/index.php?rest_route=\/wp\/v2\/posts"}],"about":[{"href":"https:\/\/informadorweb.com\/index.php?rest_route=\/wp\/v2\/types\/post"}],"author":[{"embeddable":true,"href":"https:\/\/informadorweb.com\/index.php?rest_route=\/wp\/v2\/users\/1"}],"replies":[{"embeddable":true,"href":"https:\/\/informadorweb.com\/index.php?rest_route=%2Fwp%2Fv2%2Fcomments&post=24986"}],"version-history":[{"count":1,"href":"https:\/\/informadorweb.com\/index.php?rest_route=\/wp\/v2\/posts\/24986\/revisions"}],"predecessor-version":[{"id":24987,"href":"https:\/\/informadorweb.com\/index.php?rest_route=\/wp\/v2\/posts\/24986\/revisions\/24987"}],"wp:attachment":[{"href":"https:\/\/informadorweb.com\/index.php?rest_route=%2Fwp%2Fv2%2Fmedia&parent=24986"}],"wp:term":[{"taxonomy":"category","embeddable":true,"href":"https:\/\/informadorweb.com\/index.php?rest_route=%2Fwp%2Fv2%2Fcategories&post=24986"},{"taxonomy":"post_tag","embeddable":true,"href":"https:\/\/informadorweb.com\/index.php?rest_route=%2Fwp%2Fv2%2Ftags&post=24986"}],"curies":[{"name":"wp","href":"https:\/\/api.w.org\/{rel}","templated":true}]}}