{"id":24974,"date":"2026-03-13T17:18:52","date_gmt":"2026-03-13T23:18:52","guid":{"rendered":"https:\/\/informadorweb.com\/?p=24974"},"modified":"2026-03-13T23:18:53","modified_gmt":"2026-03-13T23:18:53","slug":"iran-declara-semana-de-unidad-nacional-tras-primer-mensaje-de-nuevo-lider-supremo","status":"publish","type":"post","link":"https:\/\/informadorweb.com\/?p=24974","title":{"rendered":"Ir\u00e1n declara semana de unidad nacional tras primer mensaje de nuevo l\u00edder supremo"},"content":{"rendered":"<p>TEHER\u00c1N, 12 mar (Xinhua) &#8212; El primer vicepresidente de Ir\u00e1n, Mohammad-Reza Aref, indic\u00f3 hoy jueves que la administraci\u00f3n declar\u00f3 la pr\u00f3xima semana como \u00abSemana de la Unidad Nacional y la Solidaridad por Ir\u00e1n\u00bb, inform\u00f3 la agencia oficial de noticias IRNA. Aref dijo que tom\u00f3 la decisi\u00f3n en nombre de la administraci\u00f3n y que fue inspirado por el primer mensaje del nuevo l\u00edder supremo de Ir\u00e1n, Mojtaba Jamenei. El mensaje fue publicado hoy con anterioridad y destac\u00f3 la necesidad de mantener la unidad entre el pueblo iran\u00ed. Aref dijo que, como enfatiz\u00f3 el l\u00edder supremo iran\u00ed, la \u00abpresencia efectiva (del pueblo) en el lugar y el mantenimiento de la unidad nacional\u00bb son los pilares m\u00e1s importantes para el poder y la seguridad del pa\u00eds. El 28 de febrero, Israel y Estados Unidos lanzaron ataques conjuntos contra Teher\u00e1n y algunas otras ciudades iran\u00edes, durante los cuales mataron al entonces l\u00edder iran\u00ed supremo Ali Jamenei, a importantes comandantes militares y a civiles. Ir\u00e1n respondi\u00f3 con una oleada de ataques con misiles y drones contra bases y activos israel\u00edes y estadounidenses en Medio Oriente. Fin<\/p>\n","protected":false},"excerpt":{"rendered":"<p>TEHER\u00c1N, 12 mar (Xinhua) &#8212; El primer vicepresidente de Ir\u00e1n, Mohammad-Reza Aref, indic\u00f3 hoy jueves&#8230;<\/p>\n","protected":false},"author":1,"featured_media":0,"comment_status":"closed","ping_status":"closed","sticky":false,"template":"","format":"standard","meta":{"footnotes":""},"categories":[2],"tags":[],"class_list":["post-24974","post","type-post","status-publish","format-standard","hentry","category-internacional"],"_links":{"self":[{"href":"https:\/\/informadorweb.com\/index.php?rest_route=\/wp\/v2\/posts\/24974","targetHints":{"allow":["GET"]}}],"collection":[{"href":"https:\/\/informadorweb.com\/index.php?rest_route=\/wp\/v2\/posts"}],"about":[{"href":"https:\/\/informadorweb.com\/index.php?rest_route=\/wp\/v2\/types\/post"}],"author":[{"embeddable":true,"href":"https:\/\/informadorweb.com\/index.php?rest_route=\/wp\/v2\/users\/1"}],"replies":[{"embeddable":true,"href":"https:\/\/informadorweb.com\/index.php?rest_route=%2Fwp%2Fv2%2Fcomments&post=24974"}],"version-history":[{"count":1,"href":"https:\/\/informadorweb.com\/index.php?rest_route=\/wp\/v2\/posts\/24974\/revisions"}],"predecessor-version":[{"id":24975,"href":"https:\/\/informadorweb.com\/index.php?rest_route=\/wp\/v2\/posts\/24974\/revisions\/24975"}],"wp:attachment":[{"href":"https:\/\/informadorweb.com\/index.php?rest_route=%2Fwp%2Fv2%2Fmedia&parent=24974"}],"wp:term":[{"taxonomy":"category","embeddable":true,"href":"https:\/\/informadorweb.com\/index.php?rest_route=%2Fwp%2Fv2%2Fcategories&post=24974"},{"taxonomy":"post_tag","embeddable":true,"href":"https:\/\/informadorweb.com\/index.php?rest_route=%2Fwp%2Fv2%2Ftags&post=24974"}],"curies":[{"name":"wp","href":"https:\/\/api.w.org\/{rel}","templated":true}]}}