{"id":24972,"date":"2026-03-13T17:18:10","date_gmt":"2026-03-13T23:18:10","guid":{"rendered":"https:\/\/informadorweb.com\/?p=24972"},"modified":"2026-03-13T23:18:11","modified_gmt":"2026-03-13T23:18:11","slug":"candidata-de-oposicion-paloma-valencia-anuncia-companero-de-formula-presidencial-de-colombia","status":"publish","type":"post","link":"https:\/\/informadorweb.com\/?p=24972","title":{"rendered":"Candidata de oposici\u00f3n Paloma Valencia anuncia compa\u00f1ero de f\u00f3rmula presidencial de Colombia"},"content":{"rendered":"<p>BOGOT\u00c1, 12 mar (Xinhua) &#8212; La candidata del Partido Centro Democr\u00e1tico (derecha), Paloma Valencia, anunci\u00f3 este jueves que su compa\u00f1ero de f\u00f3rmula por la presidencia de Colombia ser\u00e1 Juan Daniel Oviedo, quien obtuvo el segundo lugar en la votaci\u00f3n de la Gran Consulta por Colombia, que reuni\u00f3 a los candidatos de oposici\u00f3n. \u00abOviedo sac\u00f3 un respaldo popular que a todos nos emociona, porque est\u00e1 conectando con muchos colombianos que no se sent\u00edan representados y que han encontrado la oportunidad de sentirse incluidos, de ser vistos, de ser o\u00eddos\u00bb, resalt\u00f3 la candidata en un evento en Bogot\u00e1, la capital colombiana. El candidato a vicepresidente es reconocido en el pa\u00eds por su labor como director del Departamento Administrativo Nacional de Estad\u00edstica (DANE) durante el Gobierno del presidente Iv\u00e1n Duque (2018-2022). La principal competencia de la f\u00f3rmula es la del actual partido de Gobierno, el Pacto Hist\u00f3rico (izquierda), conformada por Iv\u00e1n Cepeda y la l\u00edder ind\u00edgena Aida Quilcu\u00e9, que, seg\u00fan las \u00faltimas encuestas, tienen la mayor intenci\u00f3n de voto. Tambi\u00e9n este jueves anunciaron sus f\u00f3rmulas vicepresidenciales otros candidatos, mientras que el empresario y exalcalde de Cali, Maurice Armitage, anunci\u00f3 su declinaci\u00f3n a la aspiraci\u00f3n presidencial al considerar que se debe depurar la cantidad de opciones y no tiene la fuerza pol\u00edtica necesaria para competir. Las elecciones presidenciales de Colombia, para el per\u00edodo 2026-2030, se realizar\u00e1n el pr\u00f3ximo 31 de mayo, con una segunda vuelta posible el 21 de junio. Fin<\/p>\n","protected":false},"excerpt":{"rendered":"<p>BOGOT\u00c1, 12 mar (Xinhua) &#8212; La candidata del Partido Centro Democr\u00e1tico (derecha), Paloma Valencia, anunci\u00f3&#8230;<\/p>\n","protected":false},"author":1,"featured_media":0,"comment_status":"closed","ping_status":"closed","sticky":false,"template":"","format":"standard","meta":{"footnotes":""},"categories":[2],"tags":[],"class_list":["post-24972","post","type-post","status-publish","format-standard","hentry","category-internacional"],"_links":{"self":[{"href":"https:\/\/informadorweb.com\/index.php?rest_route=\/wp\/v2\/posts\/24972","targetHints":{"allow":["GET"]}}],"collection":[{"href":"https:\/\/informadorweb.com\/index.php?rest_route=\/wp\/v2\/posts"}],"about":[{"href":"https:\/\/informadorweb.com\/index.php?rest_route=\/wp\/v2\/types\/post"}],"author":[{"embeddable":true,"href":"https:\/\/informadorweb.com\/index.php?rest_route=\/wp\/v2\/users\/1"}],"replies":[{"embeddable":true,"href":"https:\/\/informadorweb.com\/index.php?rest_route=%2Fwp%2Fv2%2Fcomments&post=24972"}],"version-history":[{"count":1,"href":"https:\/\/informadorweb.com\/index.php?rest_route=\/wp\/v2\/posts\/24972\/revisions"}],"predecessor-version":[{"id":24973,"href":"https:\/\/informadorweb.com\/index.php?rest_route=\/wp\/v2\/posts\/24972\/revisions\/24973"}],"wp:attachment":[{"href":"https:\/\/informadorweb.com\/index.php?rest_route=%2Fwp%2Fv2%2Fmedia&parent=24972"}],"wp:term":[{"taxonomy":"category","embeddable":true,"href":"https:\/\/informadorweb.com\/index.php?rest_route=%2Fwp%2Fv2%2Fcategories&post=24972"},{"taxonomy":"post_tag","embeddable":true,"href":"https:\/\/informadorweb.com\/index.php?rest_route=%2Fwp%2Fv2%2Ftags&post=24972"}],"curies":[{"name":"wp","href":"https:\/\/api.w.org\/{rel}","templated":true}]}}