{"id":24966,"date":"2026-03-13T17:15:16","date_gmt":"2026-03-13T23:15:16","guid":{"rendered":"https:\/\/informadorweb.com\/?p=24966"},"modified":"2026-03-13T23:15:18","modified_gmt":"2026-03-13T23:15:18","slug":"presidenta-de-mexico-exige-a-eeuu-mayor-compromiso-en-lucha-contra-narcotrafico","status":"publish","type":"post","link":"https:\/\/informadorweb.com\/?p=24966","title":{"rendered":"Presidenta de M\u00e9xico exige a EEUU mayor compromiso en lucha contra narcotr\u00e1fico"},"content":{"rendered":"<div class=\"el-scrollbar__wrap\">\n<div class=\"el-scrollbar__view\">\n<div class=\"news-content\" data-v-e79c3ee4=\"\">M\u00c9XICO, 12 mar (Xinhua) &#8212; La presidenta de M\u00e9xico, Claudia Sheinbaum, exigi\u00f3 este jueves al Gobierno de Estados Unidos asumir la corresponsabilidad y su papel en el combate al narcotr\u00e1fico, el lavado de dinero y el tr\u00e1fico de armas, problem\u00e1ticas que afectan a ambos pa\u00edses y que requieren una estrategia conjunta de soluci\u00f3n. En la conferencia de prensa diaria, desde el Palacio Nacional, en la Ciudad de M\u00e9xico, la mandataria cuestion\u00f3 el enfoque unilateral que suele prevalecer en el discurso sobre el tr\u00e1fico de drogas, pese a que M\u00e9xico ha implementado diversas estrategias para reducir la violencia y frenar dicha problem\u00e1tica. \u00abEn Estados Unidos piensan que aqu\u00ed hay tr\u00e1fico de drogas y luego pasa la frontera y qu\u00e9 pasa. Pasando la frontera, \u00bfQui\u00e9n distribuye la droga en Estados Unidos? \u00bfQui\u00e9n fabrica la droga tambi\u00e9n en Estados Unidos? \u00bfQu\u00e9 pasa con el dinero de todo el fentanilo que se vende en las calles? \u00bfQu\u00e9 pasa con el dinero de toda la coca\u00edna que se vende en las calles?\u00bb, cuestion\u00f3 Sheinbaum. \u00abEntonces s\u00ed, en efecto, nosotros hacemos nuestra parte y nadie niega que tenemos que seguir trabajando y que no queremos que la droga llegue all\u00e1 ni ac\u00e1, ni a ning\u00fan lado (&#8230;) Pero no puede ser que Estados Unidos diga &#8216;la responsabilidad est\u00e1 en M\u00e9xico&#8217;, no. \u00bfY cu\u00e1l es la responsabilidad de Estados Unidos?\u00bb, subray\u00f3. En relaci\u00f3n con el reciente abatimiento de Nemesio Oseguera Cervantes, alias \u00abEl Mencho\u00bb, l\u00edder del C\u00e1rtel Jalisco Nueva Generaci\u00f3n (CJNG), la presidenta aclar\u00f3 que no se trat\u00f3 de una acci\u00f3n proveniente de una orden directa del Ejecutivo, sino de una operaci\u00f3n en cumplimiento de una orden judicial emitida tras meses de exhaustiva investigaci\u00f3n. \u00abSon \u00f3rdenes de aprehensi\u00f3n que emite un juez (&#8230;) Entonces participa la Secretar\u00eda (ministerio) de la Defensa Nacional, pero no es que alguien haya dado la orden\u00bb, explic\u00f3. Sheinbaum tambi\u00e9n confirm\u00f3 que el seguimiento al caso incluy\u00f3 cooperaci\u00f3n en materia de inteligencia con autoridades estadounidenses, aunque precis\u00f3 que dicha colaboraci\u00f3n se limita al intercambio de informaci\u00f3n estrat\u00e9gica, sin participaci\u00f3n directa de fuerzas extranjeras en territorio mexicano. \u00abBrindan apoyo en inteligencia, sin operaciones; es informaci\u00f3n\u00bb, puntualiz\u00f3. Fin<\/div>\n<\/div>\n<\/div>\n<div class=\"el-scrollbar__bar is-horizontal\"><\/div>\n","protected":false},"excerpt":{"rendered":"<p>M\u00c9XICO, 12 mar (Xinhua) &#8212; La presidenta de M\u00e9xico, Claudia Sheinbaum, exigi\u00f3 este jueves al&#8230;<\/p>\n","protected":false},"author":1,"featured_media":0,"comment_status":"closed","ping_status":"closed","sticky":false,"template":"","format":"standard","meta":{"footnotes":""},"categories":[2],"tags":[],"class_list":["post-24966","post","type-post","status-publish","format-standard","hentry","category-internacional"],"_links":{"self":[{"href":"https:\/\/informadorweb.com\/index.php?rest_route=\/wp\/v2\/posts\/24966","targetHints":{"allow":["GET"]}}],"collection":[{"href":"https:\/\/informadorweb.com\/index.php?rest_route=\/wp\/v2\/posts"}],"about":[{"href":"https:\/\/informadorweb.com\/index.php?rest_route=\/wp\/v2\/types\/post"}],"author":[{"embeddable":true,"href":"https:\/\/informadorweb.com\/index.php?rest_route=\/wp\/v2\/users\/1"}],"replies":[{"embeddable":true,"href":"https:\/\/informadorweb.com\/index.php?rest_route=%2Fwp%2Fv2%2Fcomments&post=24966"}],"version-history":[{"count":1,"href":"https:\/\/informadorweb.com\/index.php?rest_route=\/wp\/v2\/posts\/24966\/revisions"}],"predecessor-version":[{"id":24967,"href":"https:\/\/informadorweb.com\/index.php?rest_route=\/wp\/v2\/posts\/24966\/revisions\/24967"}],"wp:attachment":[{"href":"https:\/\/informadorweb.com\/index.php?rest_route=%2Fwp%2Fv2%2Fmedia&parent=24966"}],"wp:term":[{"taxonomy":"category","embeddable":true,"href":"https:\/\/informadorweb.com\/index.php?rest_route=%2Fwp%2Fv2%2Fcategories&post=24966"},{"taxonomy":"post_tag","embeddable":true,"href":"https:\/\/informadorweb.com\/index.php?rest_route=%2Fwp%2Fv2%2Ftags&post=24966"}],"curies":[{"name":"wp","href":"https:\/\/api.w.org\/{rel}","templated":true}]}}