{"id":24960,"date":"2026-03-13T17:11:55","date_gmt":"2026-03-13T23:11:55","guid":{"rendered":"https:\/\/informadorweb.com\/?p=24960"},"modified":"2026-03-13T23:11:56","modified_gmt":"2026-03-13T23:11:56","slug":"previsiones-informativas-semanales-para-america-latina-y-el-caribe-5","status":"publish","type":"post","link":"https:\/\/informadorweb.com\/?p=24960","title":{"rendered":"Previsiones informativas semanales para Am\u00e9rica Latina y el Caribe"},"content":{"rendered":"<p>M\u00c9XICO, 12 mar (Xinhua) &#8212; Transmitimos las previsiones semanales para Am\u00e9rica Latina y el Caribe del 15 al 21 de marzo de 2026. Domingo, 15 de marzo CHILE &#8212; Cuarto Congreso Latinoamericano de Agricultura de Precisi\u00f3n que reunir\u00e1 a investigadores, productores y profesionales del sector, en torno a temas como buenas pr\u00e1cticas y uso de tecnolog\u00eda, en la ciudad de Santiago (al 19 de marzo). COLOMBIA &#8212; Marat\u00f3n de Barranquilla 2026 certificado por la organizaci\u00f3n \u00abWorld Athletics\u00bb que reunir\u00e1 a m\u00e1s de 10.000 corredores en varias categor\u00edas, en el malec\u00f3n de la ciudad del Atl\u00e1ntico colombiano. ECUADOR &#8212; Inicio del toque de queda en cuatro provincias afectadas por la violencia, en el marco de las operaciones militares y policiales conjuntas con pa\u00edses de la regi\u00f3n para enfrentar al crimen organizado, seg\u00fan el anuncio del presidente Daniel Noboa (al 30 de marzo). M\u00c9XICO &#8212; Festival Cultural del Quinto Sol 2026 con el lema \u00abUn destino hecho a mano\u00bb, que tendr\u00e1 m\u00e1s de 500 actividades para resaltar el legado de los pueblos originarios, en decenas de municipios del central estado de M\u00e9xico (al 21 de marzo). M\u00c9XICO &#8212; Finaliza la Feria Internacional del Libro en Coyoac\u00e1n que tiene a la literatura como protagonista con la presentaci\u00f3n de libros, charlas, autores y talleres, enmarcada en el corredor cultural de uno de los barrios m\u00e1s entra\u00f1ables de la capital mexicana. M\u00c9XICO &#8212; Termina el Festival Iberoamericano de Cultura Musical \u00abVive Latino\u00bb, uno de los festivales de m\u00fasica m\u00e1s relevantes del continente que re\u00fane a bandas de rock y de otros g\u00e9neros con proyecci\u00f3n mundial, en la Ciudad de M\u00e9xico. M\u00c9XICO &#8212; Desarrollo de \u00abLa clase m\u00e1s grande de f\u00fatbol del mundo\u00bb para intentar romper el R\u00e9cord Guinness, como parte de las actividades enmarcadas en el Mundial Social, en la plaza central de la Ciudad de M\u00e9xico. Lunes, 16 de marzo BRASIL &#8212; El Banco Central divulgar\u00e1 la encuesta Focus con las previsiones de las principales instituciones financieras del pa\u00eds sobre las tendencias de la econom\u00eda, as\u00ed como el \u00cdndice de Actividad Econ\u00f3mica, un reporte previo del comportamiento econ\u00f3mico en enero de 2026. BRASIL &#8212; Fecha prevista para la visita del presidente de Bolivia, Rodrigo Paz Pereira, quien se espera entrevistar con el mandatario anfitri\u00f3n, Luiz In\u00e1cio Lula da Silva, para abordar asuntos de la agenda bilateral, en la ciudad de Brasilia. ECUADOR &#8212; IV Seminario Iberoamericano de Estrategias de Promoci\u00f3n Lectora \u00abLectura en Tiempos de Crisis\u00bb, que busca fortalecer esta pr\u00e1ctica en la regi\u00f3n, impulsado de forma virtual por la Organizaci\u00f3n de Estados Iberoamericanos para la Educaci\u00f3n, la Ciencia y la Cultura (al 19 de marzo). M\u00c9XICO &#8212; Fecha tentativa para el inicio de la primera ronda de discusiones preparativas de la revisi\u00f3n del Tratado entre M\u00e9xico, Estados Unidos y Canad\u00e1 (T-MEC) de libre comercio, centrada en garantizar la continuidad de los beneficios del acuerdo comercial de Am\u00e9rica del Norte. Martes, 17 de marzo ARGENTINA &#8212; Fecha prevista para el inicio de un nuevo juicio por la muerte del exfutbolista Diego Armando Maradona en el Tribunal Oral de lo Criminal de San Isidro, caso en el que varios profesionales de la salud est\u00e1n acusados de homicidio. BRASIL &#8212; Termina el curso a distancia de planificaci\u00f3n del desarrollo sostenible presentado por el Instituto Latinoamericano y del Caribe de Planificaci\u00f3n Econ\u00f3mica y Social, enfocado en profesionales del sector p\u00fablico. M\u00c9XICO &#8212; Arranque de la Serie de la Reina enmarcada en la tercera temporada de la historia de la Liga Mexicana de Softbol correspondiente a la campa\u00f1a 2026, en la capital mexicana (al 22 de marzo). PANAM\u00c1 &#8212; Cuarta Edici\u00f3n del Programa de Liderazgo Femenino para el Sector Mar\u00edtimo-Portuario, en la Ciudad de Panam\u00e1 (al 20 de marzo). URUGUAY &#8212; IX Reuni\u00f3n Plenaria del Foro Regional de Planificadores de Energ\u00eda \u00abDel an\u00e1lisis a la implementaci\u00f3n: fortaleciendo la planificaci\u00f3n energ\u00e9tica\u00bb con representantes de gobiernos, organismos, instituciones y especialistas de la regi\u00f3n, en la ciudad de Montevideo (al 19 de marzo). Mi\u00e9rcoles, 18 de marzo BRASIL &#8212; El Comit\u00e9 de Pol\u00edtica Monetaria del Banco Central dar\u00e1 a conocer su decisi\u00f3n sobre la tasa b\u00e1sica de inter\u00e9s de referencia Selic, indicador que est\u00e1 en 15 por ciento anual y con la expectativa de que comience un nuevo ciclo de recortes. COLOMBIA &#8212; Primer Foro de Alto Nivel CELAC (Comunidad de Estados Latinoamericanos y Caribe\u00f1os)-\u00c1frica con el objetivo fortalecer la relaci\u00f3n entre ambas regiones del mundo en \u00e1reas como integraci\u00f3n productiva y transici\u00f3n energ\u00e9tica, en la ciudad de Bogot\u00e1 (al 20 de marzo). M\u00c9XICO &#8212; Cumbre global en log\u00edstica \u00abSUMMIT &amp; EXPO 2026\u00bb dirigida a tomadores de decisiones o directivos de alto rango en campos de log\u00edstica y cadenas de suministro, en la capital mexicana (al 19 de marzo). URUGUAY &#8212; Exposici\u00f3n del sector agronegocio \u00abExpoactiva Nacional 2026\u00bb presentada por la Asociaci\u00f3n Rural de Soriano como una de las m\u00e1s influyentes a nivel regional con enfoque en innovaci\u00f3n, tecnolog\u00eda y negocios (al 21 de marzo). Jueves, 19 de marzo M\u00c9XICO &#8212; Actividades como muestras, ferias, exposiciones y venta de productos para promover el trabajo artesanal tan caracter\u00edstico y valorado del pa\u00eds latinoamericano, en el marco del D\u00eda Internacional del Artesano. VENEZUELA &#8212; Celebraci\u00f3n de las Fiestas de Elorza que son un \u00edcono de la cultura llanera venezolana y a las que acuden miles de personas del pa\u00eds sudamericano, en el estado llanero de Apure. Viernes, 20 de marzo COLOMBIA &#8212; Festival multitudinario \u00abEst\u00e9reo Picnic\u00bb que durante tres d\u00edas reunir\u00e1 en un espacio abierto a decenas de m\u00fasicos nacionales e internacionales, en el Parque Sim\u00f3n Bol\u00edvar de Bogot\u00e1 (al 22 de marzo). M\u00c9XICO &#8212; Feria Nacional del Libro de la Benem\u00e9rita Universidad Aut\u00f3noma de Puebla que convoca a editoriales y comunidad lectora con una oferta de actividades como talleres, conciertos, lecturas y presentaciones, en el centro hist\u00f3rico de la capital poblana (al 29 de marzo). URUGUAY &#8212; El Instituto Nacional de Estad\u00edstica y el Ministerio del Interior difundir\u00e1n los datos de la Encuesta Nacional de Victimizaci\u00f3n correspondiente a 2025. S\u00e1bado, 21 de marzo COLOMBIA &#8212; X Cumbre de Jefas y Jefes de Estado y de Gobierno de la CELAC en que Colombia har\u00e1 entrega de la presidencia temporal a Uruguay, en la ciudad de Bogot\u00e1. M\u00c9XICO &#8212; Festival Noche de Primavera 2026 con su \u00abGran Baile de Sonideros y Sonideras\u00bb, una modalidad reconocida como Patrimonio Cultural Inmaterial de la Ciudad de M\u00e9xico, en la plaza central de la capital mexicana. Fin<\/p>\n","protected":false},"excerpt":{"rendered":"<p>M\u00c9XICO, 12 mar (Xinhua) &#8212; Transmitimos las previsiones semanales para Am\u00e9rica Latina y el Caribe&#8230;<\/p>\n","protected":false},"author":1,"featured_media":0,"comment_status":"closed","ping_status":"closed","sticky":false,"template":"","format":"standard","meta":{"footnotes":""},"categories":[2],"tags":[],"class_list":["post-24960","post","type-post","status-publish","format-standard","hentry","category-internacional"],"_links":{"self":[{"href":"https:\/\/informadorweb.com\/index.php?rest_route=\/wp\/v2\/posts\/24960","targetHints":{"allow":["GET"]}}],"collection":[{"href":"https:\/\/informadorweb.com\/index.php?rest_route=\/wp\/v2\/posts"}],"about":[{"href":"https:\/\/informadorweb.com\/index.php?rest_route=\/wp\/v2\/types\/post"}],"author":[{"embeddable":true,"href":"https:\/\/informadorweb.com\/index.php?rest_route=\/wp\/v2\/users\/1"}],"replies":[{"embeddable":true,"href":"https:\/\/informadorweb.com\/index.php?rest_route=%2Fwp%2Fv2%2Fcomments&post=24960"}],"version-history":[{"count":1,"href":"https:\/\/informadorweb.com\/index.php?rest_route=\/wp\/v2\/posts\/24960\/revisions"}],"predecessor-version":[{"id":24961,"href":"https:\/\/informadorweb.com\/index.php?rest_route=\/wp\/v2\/posts\/24960\/revisions\/24961"}],"wp:attachment":[{"href":"https:\/\/informadorweb.com\/index.php?rest_route=%2Fwp%2Fv2%2Fmedia&parent=24960"}],"wp:term":[{"taxonomy":"category","embeddable":true,"href":"https:\/\/informadorweb.com\/index.php?rest_route=%2Fwp%2Fv2%2Fcategories&post=24960"},{"taxonomy":"post_tag","embeddable":true,"href":"https:\/\/informadorweb.com\/index.php?rest_route=%2Fwp%2Fv2%2Ftags&post=24960"}],"curies":[{"name":"wp","href":"https:\/\/api.w.org\/{rel}","templated":true}]}}