{"id":24954,"date":"2026-03-13T17:00:55","date_gmt":"2026-03-13T23:00:55","guid":{"rendered":"https:\/\/informadorweb.com\/?p=24954"},"modified":"2026-03-13T23:00:56","modified_gmt":"2026-03-13T23:00:56","slug":"sube-a-11-la-cifra-de-muertos-por-lluvias-en-ecuador","status":"publish","type":"post","link":"https:\/\/informadorweb.com\/?p=24954","title":{"rendered":"Sube a 11 la cifra de muertos por lluvias en Ecuador"},"content":{"rendered":"<p>QUITO, 12 mar (Xinhua) &#8212; A 11 se elev\u00f3 el n\u00famero de muertos a causa de la fuerte temporada invernal (lluvias) que azota a Ecuador desde el pasado 1 de enero, inform\u00f3 hoy jueves la Secretar\u00eda Nacional de Gesti\u00f3n de Riesgos (SNGR). Seg\u00fan el \u00faltimo informe de afectaciones, hasta este 12 de marzo se han registrado \u00ab1.662 eventos adversos\u00bb a causa de las torrenciales lluvias en las 24 provincias del pa\u00eds, con afectaciones en 190 cantones (municipios) y 590 parroquias. Los eventos m\u00e1s recurrentes son inundaciones, deslizamientos, lluvias intensas, erosi\u00f3n h\u00eddrica, hundimientos, aluviones, vendavales y colapsos estructurales, precis\u00f3 la entidad. El invierno ha causado mayor impacto en las provincias costeras de Guayas, El Oro, Los R\u00edos, Esmeraldas, Manab\u00ed y Santa Elena, as\u00ed como en las provincias de Loja (sur) y Chimborazo (centro). Estas provincias se encuentran en \u00abEstado de Emergencia Regional\u00bb declarado por el Gobierno el pasado 27 de febrero, por 90 d\u00edas, debido al nivel de impacto a la poblaci\u00f3n, la red vial, la infraestructura y los medios de vida, generados por la \u00e9poca lluviosa. La medida permite movilizar fondos y personal adicional para atender los estragos de las lluvias, seg\u00fan el Gobierno. La SNGR contabiliz\u00f3 a escala nacional 24 heridos, 46.716 personas afectadas, 3.752 personas damnificadas, 82 viviendas destruidas y 13.508 afectadas. Adem\u00e1s, los aguaceros destruyeron 9 bienes p\u00fablicos y 19 puentes, afectaron 36 unidades educativas y provocaron da\u00f1os funcionales en otras 844, da\u00f1aron 34,5 kil\u00f3metros de v\u00edas, arruinaron 173 hect\u00e1reas de cultivos y causaron la muerte de 124.471 animales. La dependencia indic\u00f3 que, al momento, se registran 28 r\u00edos desbordados y otros 34 con tendencia a aumentar de nivel. Durante esta temporada de lluvias, el Gobierno ha activado 17 alojamientos temporales para brindar asistencia humanitaria a la poblaci\u00f3n afectada. Fin<\/p>\n","protected":false},"excerpt":{"rendered":"<p>QUITO, 12 mar (Xinhua) &#8212; A 11 se elev\u00f3 el n\u00famero de muertos a causa&#8230;<\/p>\n","protected":false},"author":1,"featured_media":0,"comment_status":"closed","ping_status":"closed","sticky":false,"template":"","format":"standard","meta":{"footnotes":""},"categories":[2],"tags":[],"class_list":["post-24954","post","type-post","status-publish","format-standard","hentry","category-internacional"],"_links":{"self":[{"href":"https:\/\/informadorweb.com\/index.php?rest_route=\/wp\/v2\/posts\/24954","targetHints":{"allow":["GET"]}}],"collection":[{"href":"https:\/\/informadorweb.com\/index.php?rest_route=\/wp\/v2\/posts"}],"about":[{"href":"https:\/\/informadorweb.com\/index.php?rest_route=\/wp\/v2\/types\/post"}],"author":[{"embeddable":true,"href":"https:\/\/informadorweb.com\/index.php?rest_route=\/wp\/v2\/users\/1"}],"replies":[{"embeddable":true,"href":"https:\/\/informadorweb.com\/index.php?rest_route=%2Fwp%2Fv2%2Fcomments&post=24954"}],"version-history":[{"count":1,"href":"https:\/\/informadorweb.com\/index.php?rest_route=\/wp\/v2\/posts\/24954\/revisions"}],"predecessor-version":[{"id":24955,"href":"https:\/\/informadorweb.com\/index.php?rest_route=\/wp\/v2\/posts\/24954\/revisions\/24955"}],"wp:attachment":[{"href":"https:\/\/informadorweb.com\/index.php?rest_route=%2Fwp%2Fv2%2Fmedia&parent=24954"}],"wp:term":[{"taxonomy":"category","embeddable":true,"href":"https:\/\/informadorweb.com\/index.php?rest_route=%2Fwp%2Fv2%2Fcategories&post=24954"},{"taxonomy":"post_tag","embeddable":true,"href":"https:\/\/informadorweb.com\/index.php?rest_route=%2Fwp%2Fv2%2Ftags&post=24954"}],"curies":[{"name":"wp","href":"https:\/\/api.w.org\/{rel}","templated":true}]}}