{"id":24952,"date":"2026-03-13T16:59:57","date_gmt":"2026-03-13T22:59:57","guid":{"rendered":"https:\/\/informadorweb.com\/?p=24952"},"modified":"2026-03-13T22:59:58","modified_gmt":"2026-03-13T22:59:58","slug":"sheinbaum-asegura-que-organizacion-del-mundial-2026-en-mexico-avanza-con-normalidad-y-seguridad-garantizada","status":"publish","type":"post","link":"https:\/\/informadorweb.com\/?p=24952","title":{"rendered":"Sheinbaum asegura que organizaci\u00f3n del Mundial 2026 en M\u00e9xico avanza con normalidad y seguridad garantizada"},"content":{"rendered":"<p>M\u00c9XICO, 12 mar (Xinhua) &#8212; La presidenta de M\u00e9xico, Claudia Sheinbaum, asegur\u00f3 este jueves que la organizaci\u00f3n del Mundial 2026 de la Federaci\u00f3n Internacional de F\u00fatbol Asociaci\u00f3n (FIFA) avanza con normalidad y reiter\u00f3 que la seguridad del torneo est\u00e1 garantizada en el pa\u00eds, pese a las tensiones internacionales derivadas de las hostilidades en Medio Oriente. El campeonato, previsto para junio pr\u00f3ximo, se disputar\u00e1 en M\u00e9xico, Estados Unidos y Canad\u00e1. En el pa\u00eds latinoamericano, las sedes ser\u00e1n las ciudades de M\u00e9xico (centro), Monterrey (Nuevo Le\u00f3n, norte) y Guadalajara (Jalisco, occidente). \u00abNo tenemos ninguna notificaci\u00f3n de que se vaya a suspender el Mundial. Al rev\u00e9s, sigue marchando todo, siguen las reuniones, sigue todo normal, sin ning\u00fan problema\u00bb, asegur\u00f3 Sheinbaum durante su habitual conferencia de prensa matutina desde Palacio Nacional. Consultada sobre si el pa\u00eds est\u00e1 preparado ante la eventualidad de un ataque proveniente de un pa\u00eds de Medio Oriente durante la Copa del Mundo, la presidenta respondi\u00f3 que, aunque en la planificaci\u00f3n se contemplan todos los escenarios de riesgo, existe una estrategia de seguridad que se ha preparado desde hace varios a\u00f1os para proteger el evento. \u00abLlevamos m\u00e1s de un a\u00f1o trabajando, incluso (los encargados de la estrategia de seguridad) fueron al Mundial de Qatar (2022) para ver c\u00f3mo fue ese Mundial. Ya son a\u00f1os de trabajo para garantizar la seguridad\u00bb, dijo Sheinbaum, al tiempo que afirm\u00f3 que existe una posibilidad muy baja de riesgos de tintes terroristas. El Gobierno de M\u00e9xico present\u00f3 el pasado 6 de marzo la estrategia de seguridad que contempla el despliegue de m\u00e1s de 111.000 elementos y el uso de tecnolog\u00eda avanzada para garantizar la protecci\u00f3n antes, durante y despu\u00e9s de la Copa Mundial. La Copa ser\u00e1 la primera en la historia con 48 selecciones participantes y se disputar\u00e1 en 104 partidos a lo largo de 39 d\u00edas, con una audiencia global estimada en 6.000 millones de espectadores. El partido inaugural se celebrar\u00e1 en el Estadio Azteca, de la capital mexicana y uno de los recintos m\u00e1s emblem\u00e1ticos del f\u00fatbol mundial. Las autoridades prev\u00e9n que m\u00e1s de 800.000 aficionados asistan a los encuentros en territorio mexicano, mientras que millones participar\u00e1n en actividades paralelas como los FIFA Fan Fest en los tres pa\u00edses anfitriones: M\u00e9xico, Estados Unidos y Canad\u00e1. Fin<\/p>\n","protected":false},"excerpt":{"rendered":"<p>M\u00c9XICO, 12 mar (Xinhua) &#8212; La presidenta de M\u00e9xico, Claudia Sheinbaum, asegur\u00f3 este jueves que&#8230;<\/p>\n","protected":false},"author":1,"featured_media":0,"comment_status":"closed","ping_status":"closed","sticky":false,"template":"","format":"standard","meta":{"footnotes":""},"categories":[7],"tags":[],"class_list":["post-24952","post","type-post","status-publish","format-standard","hentry","category-nacional"],"_links":{"self":[{"href":"https:\/\/informadorweb.com\/index.php?rest_route=\/wp\/v2\/posts\/24952","targetHints":{"allow":["GET"]}}],"collection":[{"href":"https:\/\/informadorweb.com\/index.php?rest_route=\/wp\/v2\/posts"}],"about":[{"href":"https:\/\/informadorweb.com\/index.php?rest_route=\/wp\/v2\/types\/post"}],"author":[{"embeddable":true,"href":"https:\/\/informadorweb.com\/index.php?rest_route=\/wp\/v2\/users\/1"}],"replies":[{"embeddable":true,"href":"https:\/\/informadorweb.com\/index.php?rest_route=%2Fwp%2Fv2%2Fcomments&post=24952"}],"version-history":[{"count":1,"href":"https:\/\/informadorweb.com\/index.php?rest_route=\/wp\/v2\/posts\/24952\/revisions"}],"predecessor-version":[{"id":24953,"href":"https:\/\/informadorweb.com\/index.php?rest_route=\/wp\/v2\/posts\/24952\/revisions\/24953"}],"wp:attachment":[{"href":"https:\/\/informadorweb.com\/index.php?rest_route=%2Fwp%2Fv2%2Fmedia&parent=24952"}],"wp:term":[{"taxonomy":"category","embeddable":true,"href":"https:\/\/informadorweb.com\/index.php?rest_route=%2Fwp%2Fv2%2Fcategories&post=24952"},{"taxonomy":"post_tag","embeddable":true,"href":"https:\/\/informadorweb.com\/index.php?rest_route=%2Fwp%2Fv2%2Ftags&post=24952"}],"curies":[{"name":"wp","href":"https:\/\/api.w.org\/{rel}","templated":true}]}}