{"id":24948,"date":"2026-03-13T16:56:49","date_gmt":"2026-03-13T22:56:49","guid":{"rendered":"https:\/\/informadorweb.com\/?p=24948"},"modified":"2026-03-13T22:56:50","modified_gmt":"2026-03-13T22:56:50","slug":"especial-promesas-de-seguridad-y-escenario-internacional-principales-desafios-de-nuevo-presidente-chileno","status":"publish","type":"post","link":"https:\/\/informadorweb.com\/?p=24948","title":{"rendered":"Especial: Promesas de seguridad y escenario internacional principales desaf\u00edos de nuevo presidente chileno"},"content":{"rendered":"<p>Por Crist\u00f3bal Ch\u00e1vez Bravo SANTIAGO, 12 mar (Xinhua) &#8212; Cumplir con las promesas de seguridad, atenuar focos de posible descontento social y enfrentar un complejo escenario internacional, son los principales retos del futuro Gobierno del nuevo presidente chileno, Jos\u00e9 Antonio Kast, seg\u00fan comentarios de expertos a Xinhua. Kast asumi\u00f3 la Presidencia el mi\u00e9rcoles con el concepto de \u00abGobierno de emergencia\u00bb, tras cuatro a\u00f1os de mandato de Gabriel Boric (2022-2026). \u00abEl principal desaf\u00edo es atender y justificar la emergencia. Tendr\u00e1 un gabinete mayormente conformado por independientes, con poca experiencia en el \u00e1mbito p\u00fablico. Eso sumado a una expectativa por respuestas r\u00e1pidas, puede hacer que su popularidad caiga si no logra concretar avances visibles\u00bb, asever\u00f3 el polit\u00f3logo Mario Herrera. El acad\u00e9mico de la Universidad de Talca apunt\u00f3 que la \u00abl\u00ednea de flotaci\u00f3n\u00bb del mandatario puede ser golpeada por los resultados de gesti\u00f3n y el manejo comunicacional de ese grupo nuevo de funcionarios. Por su parte, la economista Andrea Bentancor indic\u00f3 que \u00abquienes liderar\u00e1n el pr\u00f3ximo Gobierno tienen un importante desaf\u00edo\u00bb, que es \u00abcumplir sus propias promesas, en un marco de altas expectativas que han ido impulsando ellos mismos\u00bb y en un Congreso \u00abfragmentado\u00bb donde no tienen mayor\u00eda. La acad\u00e9mica de la Universidad de Talca profundiz\u00f3 que, por ejemplo, la promesa de campa\u00f1a de Kast de reducir el gasto p\u00fablico en 6.000 millones de d\u00f3lares en 18 meses es \u00abdif\u00edcil de cumplir, habida cuenta lo inel\u00e1stico del gasto p\u00fablico\u00bb y la \u00abpreocupaci\u00f3n sobre efectos contractivos de un recorte demasiado agresivo\u00bb. \u00abEn lo internacional, enfrentan un contexto complejo con tensiones comerciales globales que podr\u00edan afectar exportaciones chilenas en 2026, pero tambi\u00e9n se ver\u00e1n favorecidos por lo que parece ser un nuevo s\u00faper ciclo del cobre y por mejores precios para el litio\u00bb, abund\u00f3 la doctora en econom\u00eda aplicada y agropecuaria. En tanto, el doctor en temas de Am\u00e9rica Latina contempor\u00e1nea, Gonzalo \u00c1lvarez Fuentes, reflexion\u00f3 que podr\u00eda haber \u00abdescontento social ante posibles recortes de programas sociales\u00bb. \u00abKast tiene el desaf\u00edo de atender los problemas de seguridad en un muy corto plazo, que fue su campa\u00f1a; los temas de migraci\u00f3n, y si no logra eso, va a tener una baja evidente en la aprobaci\u00f3n y por ende eventuales problemas de gobernabilidad\u00bb, dijo el acad\u00e9mico de la Universidad de Tarapac\u00e1. Advirti\u00f3, adem\u00e1s, que \u00abno hay que desestimar un contexto internacional complejo y la falta de una estrategia\u00bb, adem\u00e1s del alineamiento con Estados Unidos, un problema para el experto, pues \u00abno basta con alinearse con las tendencias dominantes (&#8230;) ya que Chile posee v\u00ednculos igual de importantes con diversas potencias en pugna\u00bb. \u00abOptar por una estrategia de alineamiento no creo que sea muy estrat\u00e9gico estructuralmente para el nivel de apertura y cercan\u00eda que tiene Chile con una multiplicidad de pa\u00edses\u00bb, agreg\u00f3 el m\u00e1ster en ciencia pol\u00edtica y relaciones internacionales. A su vez, el analista y doctor en ingenier\u00eda de minas, Manuel Reyes-Jara, consider\u00f3 que el principal desaf\u00edo econ\u00f3mico para Kast \u00abprobablemente vendr\u00e1 desde fuera de Chile\u00bb. \u00abUn mundo m\u00e1s inestable, con decisiones impredecibles de Estados Unidos en Medio Oriente o Venezuela, puede generar &#8216;shocks&#8217; en el precio del petr\u00f3leo y del gas, y para una econom\u00eda abierta y dependiente de importaciones energ\u00e9ticas como Chile, eso se traduce r\u00e1pidamente en inflaci\u00f3n y mayores costos productivos\u00bb, dijo. El analista consider\u00f3 en tal sentido que \u00abla pol\u00edtica econ\u00f3mica tendr\u00e1 que ser especialmente cuidadosa para amortiguar esa volatilidad\u00bb. El acad\u00e9mico de la Universidad Andr\u00e9s Bello de Chile coment\u00f3 tambi\u00e9n que la crisis de migraci\u00f3n en Chile, que Kast prometi\u00f3 subsanar con \u00abmano dura\u00bb, enfrenta el problema de \u00abrestricciones legales y operativas significativas\u00bb. \u00abEn muchos casos, dependen de la cooperaci\u00f3n de los pa\u00edses de origen que no siempre existe. El riesgo es generar expectativas pol\u00edticas que luego chocan con la capacidad real del Estado. El desaf\u00edo ser\u00e1 traducir control migratorio en pol\u00edticas implementables\u00bb, indic\u00f3. Destac\u00f3 tambi\u00e9n como un desaf\u00edo del nuevo Gobierno, la \u00abdigitalizaci\u00f3n profunda de servicios p\u00fablicos, la interoperabilidad de datos, la inteligencia artificial y la automatizaci\u00f3n de tr\u00e1mites\u00bb, que pueden reducir tiempos y burocracia. \u00abEsto tiene impacto directo en productividad econ\u00f3mica y calidad de vida. Chile tiene capacidades t\u00e9cnicas para hacerlo, lo que falta es decisi\u00f3n pol\u00edtica\u00bb, asever\u00f3 el experto. Fin<\/p>\n","protected":false},"excerpt":{"rendered":"<p>Por Crist\u00f3bal Ch\u00e1vez Bravo SANTIAGO, 12 mar (Xinhua) &#8212; Cumplir con las promesas de seguridad,&#8230;<\/p>\n","protected":false},"author":1,"featured_media":0,"comment_status":"closed","ping_status":"closed","sticky":false,"template":"","format":"standard","meta":{"footnotes":""},"categories":[2],"tags":[],"class_list":["post-24948","post","type-post","status-publish","format-standard","hentry","category-internacional"],"_links":{"self":[{"href":"https:\/\/informadorweb.com\/index.php?rest_route=\/wp\/v2\/posts\/24948","targetHints":{"allow":["GET"]}}],"collection":[{"href":"https:\/\/informadorweb.com\/index.php?rest_route=\/wp\/v2\/posts"}],"about":[{"href":"https:\/\/informadorweb.com\/index.php?rest_route=\/wp\/v2\/types\/post"}],"author":[{"embeddable":true,"href":"https:\/\/informadorweb.com\/index.php?rest_route=\/wp\/v2\/users\/1"}],"replies":[{"embeddable":true,"href":"https:\/\/informadorweb.com\/index.php?rest_route=%2Fwp%2Fv2%2Fcomments&post=24948"}],"version-history":[{"count":1,"href":"https:\/\/informadorweb.com\/index.php?rest_route=\/wp\/v2\/posts\/24948\/revisions"}],"predecessor-version":[{"id":24949,"href":"https:\/\/informadorweb.com\/index.php?rest_route=\/wp\/v2\/posts\/24948\/revisions\/24949"}],"wp:attachment":[{"href":"https:\/\/informadorweb.com\/index.php?rest_route=%2Fwp%2Fv2%2Fmedia&parent=24948"}],"wp:term":[{"taxonomy":"category","embeddable":true,"href":"https:\/\/informadorweb.com\/index.php?rest_route=%2Fwp%2Fv2%2Fcategories&post=24948"},{"taxonomy":"post_tag","embeddable":true,"href":"https:\/\/informadorweb.com\/index.php?rest_route=%2Fwp%2Fv2%2Ftags&post=24948"}],"curies":[{"name":"wp","href":"https:\/\/api.w.org\/{rel}","templated":true}]}}