{"id":24942,"date":"2026-03-13T16:54:12","date_gmt":"2026-03-13T22:54:12","guid":{"rendered":"https:\/\/informadorweb.com\/?p=24942"},"modified":"2026-03-13T22:54:13","modified_gmt":"2026-03-13T22:54:13","slug":"rusia-esta-profundamente-preocupada-por-escalada-sin-control-de-conflicto-en-medio-oriente-dice-vocera","status":"publish","type":"post","link":"https:\/\/informadorweb.com\/?p=24942","title":{"rendered":"Rusia est\u00e1 profundamente preocupada por escalada sin control de conflicto en Medio Oriente, dice vocera"},"content":{"rendered":"<p>MOSC\u00da, 12 mar (Xinhua) &#8212; Rusia est\u00e1 profundamente preocupada por la escalada sin control del conflicto en Medio Oriente, dijo hoy jueves la vocera del Ministerio de Relaciones Exteriores ruso, Maria Zakharova. Zakharova dijo en conferencia de prensa que la aventura militar emprendida por Estados Unidos e Israel contra Ir\u00e1n ha desestabilizado toda la regi\u00f3n de Medio Oriente. La vocera se\u00f1al\u00f3 que el conflicto se ha extendido m\u00e1s all\u00e1 de Ir\u00e1n y est\u00e1 generando graves consecuencias humanitarias. Tambi\u00e9n pidi\u00f3 el cese inmediato de las acciones militares que amenazan con provocar en toda la regi\u00f3n una cat\u00e1strofe, incluyendo ambiental y radiol\u00f3gica, as\u00ed como volver a la b\u00fasqueda de soluciones diplom\u00e1ticas. Fin<\/p>\n","protected":false},"excerpt":{"rendered":"<p>MOSC\u00da, 12 mar (Xinhua) &#8212; Rusia est\u00e1 profundamente preocupada por la escalada sin control del&#8230;<\/p>\n","protected":false},"author":1,"featured_media":0,"comment_status":"closed","ping_status":"closed","sticky":false,"template":"","format":"standard","meta":{"footnotes":""},"categories":[2],"tags":[],"class_list":["post-24942","post","type-post","status-publish","format-standard","hentry","category-internacional"],"_links":{"self":[{"href":"https:\/\/informadorweb.com\/index.php?rest_route=\/wp\/v2\/posts\/24942","targetHints":{"allow":["GET"]}}],"collection":[{"href":"https:\/\/informadorweb.com\/index.php?rest_route=\/wp\/v2\/posts"}],"about":[{"href":"https:\/\/informadorweb.com\/index.php?rest_route=\/wp\/v2\/types\/post"}],"author":[{"embeddable":true,"href":"https:\/\/informadorweb.com\/index.php?rest_route=\/wp\/v2\/users\/1"}],"replies":[{"embeddable":true,"href":"https:\/\/informadorweb.com\/index.php?rest_route=%2Fwp%2Fv2%2Fcomments&post=24942"}],"version-history":[{"count":1,"href":"https:\/\/informadorweb.com\/index.php?rest_route=\/wp\/v2\/posts\/24942\/revisions"}],"predecessor-version":[{"id":24943,"href":"https:\/\/informadorweb.com\/index.php?rest_route=\/wp\/v2\/posts\/24942\/revisions\/24943"}],"wp:attachment":[{"href":"https:\/\/informadorweb.com\/index.php?rest_route=%2Fwp%2Fv2%2Fmedia&parent=24942"}],"wp:term":[{"taxonomy":"category","embeddable":true,"href":"https:\/\/informadorweb.com\/index.php?rest_route=%2Fwp%2Fv2%2Fcategories&post=24942"},{"taxonomy":"post_tag","embeddable":true,"href":"https:\/\/informadorweb.com\/index.php?rest_route=%2Fwp%2Fv2%2Ftags&post=24942"}],"curies":[{"name":"wp","href":"https:\/\/api.w.org\/{rel}","templated":true}]}}