{"id":24844,"date":"2026-03-13T12:31:21","date_gmt":"2026-03-13T18:31:21","guid":{"rendered":"https:\/\/informadorweb.com\/?p=24844"},"modified":"2026-03-13T18:31:23","modified_gmt":"2026-03-13T18:31:23","slug":"muere-comandante-de-la-fuerza-aerea-del-cgri-en-ataque-selectivo-segun-medios","status":"publish","type":"post","link":"https:\/\/informadorweb.com\/?p=24844","title":{"rendered":"Muere comandante de la fuerza a\u00e9rea del CGRI en ataque selectivo, seg\u00fan medios"},"content":{"rendered":"<div class=\"el-scrollbar__wrap\">\n<div class=\"el-scrollbar__view\">\n<div class=\"news-content\" data-v-e79c3ee4=\"\">TEHER\u00c1N, 12 mar (Xinhua) &#8212; El comandante de la Fuerza Aeroespacial del Cuerpo de la Guardia Revolucionaria Isl\u00e1mica (CGRI) de Ir\u00e1n, Sardar Esmail Dehghan, muri\u00f3 junto a su esposa y sus dos hijos en un ataque selectivo registrado en la ciudad central de Arak, informaron hoy jueves medios iran\u00edes. Fin<\/div>\n<\/div>\n<\/div>\n<div class=\"el-scrollbar__bar is-horizontal\"><\/div>\n","protected":false},"excerpt":{"rendered":"<p>TEHER\u00c1N, 12 mar (Xinhua) &#8212; El comandante de la Fuerza Aeroespacial del Cuerpo de la&#8230;<\/p>\n","protected":false},"author":1,"featured_media":0,"comment_status":"closed","ping_status":"closed","sticky":false,"template":"","format":"standard","meta":{"footnotes":""},"categories":[2],"tags":[],"class_list":["post-24844","post","type-post","status-publish","format-standard","hentry","category-internacional"],"_links":{"self":[{"href":"https:\/\/informadorweb.com\/index.php?rest_route=\/wp\/v2\/posts\/24844","targetHints":{"allow":["GET"]}}],"collection":[{"href":"https:\/\/informadorweb.com\/index.php?rest_route=\/wp\/v2\/posts"}],"about":[{"href":"https:\/\/informadorweb.com\/index.php?rest_route=\/wp\/v2\/types\/post"}],"author":[{"embeddable":true,"href":"https:\/\/informadorweb.com\/index.php?rest_route=\/wp\/v2\/users\/1"}],"replies":[{"embeddable":true,"href":"https:\/\/informadorweb.com\/index.php?rest_route=%2Fwp%2Fv2%2Fcomments&post=24844"}],"version-history":[{"count":1,"href":"https:\/\/informadorweb.com\/index.php?rest_route=\/wp\/v2\/posts\/24844\/revisions"}],"predecessor-version":[{"id":24845,"href":"https:\/\/informadorweb.com\/index.php?rest_route=\/wp\/v2\/posts\/24844\/revisions\/24845"}],"wp:attachment":[{"href":"https:\/\/informadorweb.com\/index.php?rest_route=%2Fwp%2Fv2%2Fmedia&parent=24844"}],"wp:term":[{"taxonomy":"category","embeddable":true,"href":"https:\/\/informadorweb.com\/index.php?rest_route=%2Fwp%2Fv2%2Fcategories&post=24844"},{"taxonomy":"post_tag","embeddable":true,"href":"https:\/\/informadorweb.com\/index.php?rest_route=%2Fwp%2Fv2%2Ftags&post=24844"}],"curies":[{"name":"wp","href":"https:\/\/api.w.org\/{rel}","templated":true}]}}