{"id":24800,"date":"2026-03-13T12:01:41","date_gmt":"2026-03-13T18:01:41","guid":{"rendered":"https:\/\/informadorweb.com\/?p=24800"},"modified":"2026-03-13T18:01:42","modified_gmt":"2026-03-13T18:01:42","slug":"convocan-movilizacion-nacional-en-venezuela-para-defender-soberania-y-paz","status":"publish","type":"post","link":"https:\/\/informadorweb.com\/?p=24800","title":{"rendered":"Convocan movilizaci\u00f3n nacional en Venezuela para defender soberan\u00eda y paz"},"content":{"rendered":"<p>CARACAS, 11 mar (Xinhua) &#8212; El secretario general del gobernante Partido Socialista Unido de Venezuela (PSUV), Diosdado Cabello, convoc\u00f3 esta noche a las fuerzas pol\u00edticas favorables al Gobierno nacional a participar en una jornada nacional de movilizaci\u00f3n en defensa de la soberan\u00eda, la libertad y la paz. Durante su programa televisivo nocturno, el dirigente se\u00f1al\u00f3 que el despliegue de las fuerzas sociales progubernamentales incluir\u00e1 actividades de calle en todo el pa\u00eds con la participaci\u00f3n de organizaciones que integran la coalici\u00f3n de partidos llamada &#8216;Gran Polo Patri\u00f3tico (GPP)&#8217;. En Caracas, la movilizaci\u00f3n principal est\u00e1 prevista para ma\u00f1ana desde la plaza Morelos hasta la sede de la Asamblea Nacional, en el centro de la capital venezolana. Dicha actividad se ejecuta en respuesta a otras movilizaciones convocadas por la oposici\u00f3n. Cabello afirm\u00f3 que la convocatoria busca fortalecer la unidad de las fuerzas pol\u00edticas que respaldan al Gobierno frente a lo que describi\u00f3 como intentos de fractura interna promovidos por sectores opositores. El tambi\u00e9n ministro de Interior, Justicia y Paz de Venezuela agreg\u00f3 que la estrategia de la \u00abderecha extremista\u00bb estar\u00eda orientada a trasladar sus conflictos pol\u00edticos internos hacia las filas del chavismo. Ante este escenario, el dirigente instruy\u00f3 a los partidos aliados a incorporarse al despliegue territorial coordinado por la Direcci\u00f3n Nacional del PSUV. Cabello sostuvo que la cohesi\u00f3n de las fuerzas bolivarianas constituye el principal instrumento para enfrentar campa\u00f1as de desestabilizaci\u00f3n y garantizar la movilizaci\u00f3n pol\u00edtica en todo el territorio nacional. Fin<\/p>\n","protected":false},"excerpt":{"rendered":"<p>CARACAS, 11 mar (Xinhua) &#8212; El secretario general del gobernante Partido Socialista Unido de Venezuela&#8230;<\/p>\n","protected":false},"author":1,"featured_media":0,"comment_status":"closed","ping_status":"closed","sticky":false,"template":"","format":"standard","meta":{"footnotes":""},"categories":[2],"tags":[],"class_list":["post-24800","post","type-post","status-publish","format-standard","hentry","category-internacional"],"_links":{"self":[{"href":"https:\/\/informadorweb.com\/index.php?rest_route=\/wp\/v2\/posts\/24800","targetHints":{"allow":["GET"]}}],"collection":[{"href":"https:\/\/informadorweb.com\/index.php?rest_route=\/wp\/v2\/posts"}],"about":[{"href":"https:\/\/informadorweb.com\/index.php?rest_route=\/wp\/v2\/types\/post"}],"author":[{"embeddable":true,"href":"https:\/\/informadorweb.com\/index.php?rest_route=\/wp\/v2\/users\/1"}],"replies":[{"embeddable":true,"href":"https:\/\/informadorweb.com\/index.php?rest_route=%2Fwp%2Fv2%2Fcomments&post=24800"}],"version-history":[{"count":1,"href":"https:\/\/informadorweb.com\/index.php?rest_route=\/wp\/v2\/posts\/24800\/revisions"}],"predecessor-version":[{"id":24801,"href":"https:\/\/informadorweb.com\/index.php?rest_route=\/wp\/v2\/posts\/24800\/revisions\/24801"}],"wp:attachment":[{"href":"https:\/\/informadorweb.com\/index.php?rest_route=%2Fwp%2Fv2%2Fmedia&parent=24800"}],"wp:term":[{"taxonomy":"category","embeddable":true,"href":"https:\/\/informadorweb.com\/index.php?rest_route=%2Fwp%2Fv2%2Fcategories&post=24800"},{"taxonomy":"post_tag","embeddable":true,"href":"https:\/\/informadorweb.com\/index.php?rest_route=%2Fwp%2Fv2%2Ftags&post=24800"}],"curies":[{"name":"wp","href":"https:\/\/api.w.org\/{rel}","templated":true}]}}