{"id":24790,"date":"2026-03-13T11:12:55","date_gmt":"2026-03-13T17:12:55","guid":{"rendered":"https:\/\/informadorweb.com\/?p=24790"},"modified":"2026-03-13T17:12:56","modified_gmt":"2026-03-13T17:12:56","slug":"sudafrica-convoca-a-embajador-estadounidense-por-comentarios-controvertidos","status":"publish","type":"post","link":"https:\/\/informadorweb.com\/?p=24790","title":{"rendered":"Sud\u00e1frica convoca a embajador estadounidense por comentarios controvertidos"},"content":{"rendered":"<p>JOHANNESBURGO, 11 mar (Xinhua) &#8212; El Departamento de Relaciones Internacionales y Cooperaci\u00f3n de Sud\u00e1frica convoc\u00f3 formalmente este mi\u00e9rcoles al embajador de Estados Unidos, Leo Brent Bozell III, tras una serie de declaraciones incendiarias que han tensado significativamente las relaciones bilaterales. El ministro sudafricano de Relaciones Internacionales y Cooperaci\u00f3n, Ronald Lamola, confirm\u00f3 durante una rueda de prensa que Bozell fue citado para explicar comentarios \u00abpoco diplom\u00e1ticos\u00bb que ignoraron los protocolos establecidos y la soberan\u00eda judicial. Lamola enfatiz\u00f3 que, si bien Sud\u00e1frica acoge con agrado una diplomacia p\u00fablica activa, los enviados extranjeros deben respetar la etiqueta internacional y la soberan\u00eda del pa\u00eds. Durante una reuni\u00f3n celebrada el martes en la provincia sudafricana de Cabo Occidental, Bozell acus\u00f3 al Gobierno del pa\u00eds africano, liderado por el gobernante Congreso Nacional Africano, de practicar \u00abdiscriminaci\u00f3n racial\u00bb contra las personas blancas. Tambi\u00e9n critic\u00f3 la participaci\u00f3n de Sud\u00e1frica en el mecanismo BRICS, su demanda contra Israel ante la Corte Internacional de Justicia y sus relaciones amistosas con Ir\u00e1n. Las declaraciones de Bozell generaron amplias cr\u00edticas en Sud\u00e1frica. El influyente partido nacionalista negro de izquierda Luchadores por la Libertad Econ\u00f3mica pidi\u00f3 al Gobierno declarar a Bozell persona non grata y expulsarlo del pa\u00eds. Desde que el presidente estadounidense, Donald Trump, regres\u00f3 al poder en enero de 2025, las relaciones entre Estados Unidos y Sud\u00e1frica han permanecido tensas en los \u00e1mbitos pol\u00edtico, econ\u00f3mico y diplom\u00e1tico. En marzo de 2025, Trump nomin\u00f3 al activista conservador Bozell, cr\u00edtico desde hace tiempo del gobernante Congreso Nacional Africano, como embajador de EE. UU. en Sud\u00e1frica. Bozell lleg\u00f3 al pa\u00eds africano en febrero de este a\u00f1o para asumir el cargo. Fin<\/p>\n","protected":false},"excerpt":{"rendered":"<p>JOHANNESBURGO, 11 mar (Xinhua) &#8212; El Departamento de Relaciones Internacionales y Cooperaci\u00f3n de Sud\u00e1frica convoc\u00f3&#8230;<\/p>\n","protected":false},"author":1,"featured_media":0,"comment_status":"closed","ping_status":"closed","sticky":false,"template":"","format":"standard","meta":{"footnotes":""},"categories":[2],"tags":[],"class_list":["post-24790","post","type-post","status-publish","format-standard","hentry","category-internacional"],"_links":{"self":[{"href":"https:\/\/informadorweb.com\/index.php?rest_route=\/wp\/v2\/posts\/24790","targetHints":{"allow":["GET"]}}],"collection":[{"href":"https:\/\/informadorweb.com\/index.php?rest_route=\/wp\/v2\/posts"}],"about":[{"href":"https:\/\/informadorweb.com\/index.php?rest_route=\/wp\/v2\/types\/post"}],"author":[{"embeddable":true,"href":"https:\/\/informadorweb.com\/index.php?rest_route=\/wp\/v2\/users\/1"}],"replies":[{"embeddable":true,"href":"https:\/\/informadorweb.com\/index.php?rest_route=%2Fwp%2Fv2%2Fcomments&post=24790"}],"version-history":[{"count":1,"href":"https:\/\/informadorweb.com\/index.php?rest_route=\/wp\/v2\/posts\/24790\/revisions"}],"predecessor-version":[{"id":24791,"href":"https:\/\/informadorweb.com\/index.php?rest_route=\/wp\/v2\/posts\/24790\/revisions\/24791"}],"wp:attachment":[{"href":"https:\/\/informadorweb.com\/index.php?rest_route=%2Fwp%2Fv2%2Fmedia&parent=24790"}],"wp:term":[{"taxonomy":"category","embeddable":true,"href":"https:\/\/informadorweb.com\/index.php?rest_route=%2Fwp%2Fv2%2Fcategories&post=24790"},{"taxonomy":"post_tag","embeddable":true,"href":"https:\/\/informadorweb.com\/index.php?rest_route=%2Fwp%2Fv2%2Ftags&post=24790"}],"curies":[{"name":"wp","href":"https:\/\/api.w.org\/{rel}","templated":true}]}}