{"id":23800,"date":"2026-03-11T13:44:52","date_gmt":"2026-03-11T19:44:52","guid":{"rendered":"https:\/\/informadorweb.com\/?p=23800"},"modified":"2026-03-11T19:44:53","modified_gmt":"2026-03-11T19:44:53","slug":"cientificos-debaten-en-brasil-impactos-de-cambio-climatico-en-oceanos-y-aplicacion-de-tratado-de-alta-mar","status":"publish","type":"post","link":"https:\/\/informadorweb.com\/?p=23800","title":{"rendered":"Cient\u00edficos debaten en Brasil impactos de cambio clim\u00e1tico en oc\u00e9anos y aplicaci\u00f3n de Tratado de Alta Mar"},"content":{"rendered":"<p>R\u00cdO DE JANEIRO, 10 mar (Xinhua) &#8212; Cient\u00edficos, responsables pol\u00edticos y representantes de organismos internacionales alertaron hoy en Brasil de que la emergencia clim\u00e1tica est\u00e1 provocando transformaciones cada vez m\u00e1s visibles en los ecosistemas marinos. Durante el III Simposio BBNJ (Biodiversidad M\u00e1s All\u00e1 de la Jurisdicci\u00f3n Nacional), un encuentro que se celebra en R\u00edo de Janeiro para debatir la implementaci\u00f3n del Tratado de Alta Mar y los crecientes impactos del cambio clim\u00e1tico sobre los oc\u00e9anos, los participantes discutieron sobre los desaf\u00edos de proteger la biodiversidad marina en \u00e1reas oce\u00e1nicas situadas fuera de la jurisdicci\u00f3n de los pa\u00edses. El tratado internacional sobre biodiversidad en alta mar entr\u00f3 en vigor en enero de este a\u00f1o y es considerado como un avance clave para reforzar la gobernanza global de los oc\u00e9anos. Entre los principales efectos se\u00f1alados figuran el calentamiento acelerado de las aguas oce\u00e1nicas, la acidificaci\u00f3n del mar y la mayor frecuencia de fen\u00f3menos extremos en el ambiente marino. Los especialistas destacaron que los oc\u00e9anos absorben gran parte del exceso de calor generado por el aumento de gases efecto invernadero, lo que contribuye a moderar el calentamiento de la atm\u00f3sfera. Sin embargo, ese proceso provoca alteraciones profundas en los ecosistemas marinos y en la din\u00e1mica de las especies. Uno de los fen\u00f3menos que m\u00e1s preocupa a la comunidad cient\u00edfica es el aumento de las olas de calor marinas, episodios prolongados de temperaturas anormalmente elevadas en el oc\u00e9ano que pueden provocar mortalidad masiva de organismos y afectar la estabilidad de ecosistemas enteros. El blanqueamiento de los arrecifes de coral es uno de los efectos m\u00e1s visibles de este fen\u00f3meno. Cuando las temperaturas del agua se mantienen elevadas durante per\u00edodos prolongados, los corales expulsan las algas microsc\u00f3picas que proporcionan nutrientes y color, lo que puede debilitarlos gravemente o provocar su muerte. Los investigadores tambi\u00e9n se\u00f1alaron que el calentamiento del oc\u00e9ano est\u00e1 provocando cambios en la distribuci\u00f3n geogr\u00e1fica de numerosas especies marinas, que migran hacia latitudes m\u00e1s fr\u00edas en busca de condiciones ambientales favorables. Este desplazamiento puede alterar las cadenas alimentarias y afectar a la pesca en diversas regiones del mundo. Otro proceso asociado al cambio clim\u00e1tico es la acidificaci\u00f3n de los oc\u00e9anos, provocada por la absorci\u00f3n de di\u00f3xido de carbono. Este fen\u00f3meno altera la qu\u00edmica del agua y puede afectar a organismos que dependen del carbonato de calcio para formar conchas o esqueletos como moluscos, crust\u00e1ceos y algunos tipos de plancton. Los especialistas subrayaron que los impactos de estas transformaciones no se limitan al medio ambiente marino. Tambi\u00e9n pueden tener consecuencias econ\u00f3micas y sociales, especialmente para las comunidades costeras que dependen de la pesca y de los recursos marinos para su subsistencia. En este contexto, los participantes del simposio destacaron la importancia del Tratado de Alta Mar para fortalecer la protecci\u00f3n de la biodiversidad en aguas internacionales donde, hasta ahora, la regulaci\u00f3n era limitada. El acuerdo prev\u00e9 mecanismos para crear \u00e1reas marinas protegidas, promover la cooperaci\u00f3n cient\u00edfica y regular actividades humanas que puedan afectar a los ecosistemas oce\u00e1nicos. Seg\u00fan los expertos reunidos en el encuentro, avanzar sobre la implementaci\u00f3n efectiva del tratado y reforzar la cooperaci\u00f3n internacional ser\u00e1n fundamental para preservar los oc\u00e9anos frente a las crecientes presiones del cambio clim\u00e1tico y las actividades humanas. Fin<\/p>\n","protected":false},"excerpt":{"rendered":"<p>R\u00cdO DE JANEIRO, 10 mar (Xinhua) &#8212; Cient\u00edficos, responsables pol\u00edticos y representantes de organismos internacionales&#8230;<\/p>\n","protected":false},"author":1,"featured_media":0,"comment_status":"closed","ping_status":"closed","sticky":false,"template":"","format":"standard","meta":{"footnotes":""},"categories":[2],"tags":[],"class_list":["post-23800","post","type-post","status-publish","format-standard","hentry","category-internacional"],"_links":{"self":[{"href":"https:\/\/informadorweb.com\/index.php?rest_route=\/wp\/v2\/posts\/23800","targetHints":{"allow":["GET"]}}],"collection":[{"href":"https:\/\/informadorweb.com\/index.php?rest_route=\/wp\/v2\/posts"}],"about":[{"href":"https:\/\/informadorweb.com\/index.php?rest_route=\/wp\/v2\/types\/post"}],"author":[{"embeddable":true,"href":"https:\/\/informadorweb.com\/index.php?rest_route=\/wp\/v2\/users\/1"}],"replies":[{"embeddable":true,"href":"https:\/\/informadorweb.com\/index.php?rest_route=%2Fwp%2Fv2%2Fcomments&post=23800"}],"version-history":[{"count":1,"href":"https:\/\/informadorweb.com\/index.php?rest_route=\/wp\/v2\/posts\/23800\/revisions"}],"predecessor-version":[{"id":23801,"href":"https:\/\/informadorweb.com\/index.php?rest_route=\/wp\/v2\/posts\/23800\/revisions\/23801"}],"wp:attachment":[{"href":"https:\/\/informadorweb.com\/index.php?rest_route=%2Fwp%2Fv2%2Fmedia&parent=23800"}],"wp:term":[{"taxonomy":"category","embeddable":true,"href":"https:\/\/informadorweb.com\/index.php?rest_route=%2Fwp%2Fv2%2Fcategories&post=23800"},{"taxonomy":"post_tag","embeddable":true,"href":"https:\/\/informadorweb.com\/index.php?rest_route=%2Fwp%2Fv2%2Ftags&post=23800"}],"curies":[{"name":"wp","href":"https:\/\/api.w.org\/{rel}","templated":true}]}}