{"id":23788,"date":"2026-03-11T13:35:40","date_gmt":"2026-03-11T19:35:40","guid":{"rendered":"https:\/\/informadorweb.com\/?p=23788"},"modified":"2026-03-11T19:35:42","modified_gmt":"2026-03-11T19:35:42","slug":"corte-constitucional-de-ecuador-confirma-desaparicion-forzada-de-cuatro-menores-asesinados","status":"publish","type":"post","link":"https:\/\/informadorweb.com\/?p=23788","title":{"rendered":"Corte Constitucional de Ecuador confirma desaparici\u00f3n forzada de cuatro menores asesinados"},"content":{"rendered":"<p>QUITO, 10 mar (Xinhua) &#8212; La Corte Constitucional de Ecuador declar\u00f3 hoy martes que cuatro menores asesinados en diciembre de 2024 en la ciudad de Guayaquil, suroeste del pa\u00eds, fueron v\u00edctimas de desaparici\u00f3n forzada, en un caso por el que 11 militares fueron condenados a 34 a\u00f1os y ocho meses de prisi\u00f3n. El \u00d3rgano Constitucional dio a conocer su decisi\u00f3n mediante una sentencia, tras admitir una acci\u00f3n extraordinaria de protecci\u00f3n presentada contra la apelaci\u00f3n que hab\u00eda rechazado un h\u00e1beas corpus en favor de los cuatro menores. En su sentencia, la Corte reconoci\u00f3 que lo ocurrido con Josu\u00e9 e Ismael Arroyo, ambos hermanos; Steven Medina y Nehem\u00edas Arboleda, de entre 11 y 15 a\u00f1os, \u00abconstituye una de las violaciones m\u00e1s graves y reprochables del orden constitucional e internacional de los derechos humanos\u00bb. Adem\u00e1s, \u00abes incompatible con los principios del Estado constitucional de derechos y con una convivencia democr\u00e1tica fundada en el respeto a la dignidad humana\u00bb. \u00abLa Corte determin\u00f3 que las autoridades judiciales vulneraron el derecho al debido proceso en la garant\u00eda de la motivaci\u00f3n, al no analizar de manera integral la detenci\u00f3n denunciada ni responder a las pretensiones relevantes planteadas por los accionantes\u00bb, se\u00f1al\u00f3 la sentencia. Agreg\u00f3 que el examen de m\u00e9rito del caso, determin\u00f3 que los ni\u00f1os fueron privados de la libertad de \u00abforma ilegal, arbitraria e ileg\u00edtima por patrullas militares\u00bb y que el Estado no proporcion\u00f3 informaci\u00f3n inmediata, satisfactoria ni convincente sobre su aprehensi\u00f3n ni sobre su paradero. Por lo tanto, la Corte declar\u00f3 que los cuatro menores \u00abfueron v\u00edctimas de desaparici\u00f3n forzada\u00bb. La Corte orden\u00f3 medidas de reparaci\u00f3n integral, incluyendo un acto p\u00fablico de reconocimiento de responsabilidad y disculpas por parte del Estado, que deber\u00e1 ser realizado por el comandante general de la Fuerza A\u00e9rea Ecuatoriana (FAE) y difundido a nivel nacional. Seg\u00fan la Corte, la noche del 8 de diciembre de 2024, patrullas militares privaron ilegal, arbitraria e ileg\u00edtimamente de su libertad a los menores, coloc\u00e1ndolos en absoluta indefensi\u00f3n e incumpliendo el deber de proteger su vida, su libertad y su dignidad. El suceso ocurri\u00f3 en el sector de Las Malvinas, sur de Guayaquil, despu\u00e9s de que los menores jugaran un partido de f\u00fatbol. Fueron detenidos por personal militar y, el 24 de diciembre, la Polic\u00eda encontr\u00f3 los cuatro cad\u00e1veres incinerados y con signos de tortura cerca de una base militar y una semana despu\u00e9s fueron identificados. Fin<\/p>\n","protected":false},"excerpt":{"rendered":"<p>QUITO, 10 mar (Xinhua) &#8212; La Corte Constitucional de Ecuador declar\u00f3 hoy martes que cuatro&#8230;<\/p>\n","protected":false},"author":1,"featured_media":0,"comment_status":"closed","ping_status":"closed","sticky":false,"template":"","format":"standard","meta":{"footnotes":""},"categories":[2],"tags":[],"class_list":["post-23788","post","type-post","status-publish","format-standard","hentry","category-internacional"],"_links":{"self":[{"href":"https:\/\/informadorweb.com\/index.php?rest_route=\/wp\/v2\/posts\/23788","targetHints":{"allow":["GET"]}}],"collection":[{"href":"https:\/\/informadorweb.com\/index.php?rest_route=\/wp\/v2\/posts"}],"about":[{"href":"https:\/\/informadorweb.com\/index.php?rest_route=\/wp\/v2\/types\/post"}],"author":[{"embeddable":true,"href":"https:\/\/informadorweb.com\/index.php?rest_route=\/wp\/v2\/users\/1"}],"replies":[{"embeddable":true,"href":"https:\/\/informadorweb.com\/index.php?rest_route=%2Fwp%2Fv2%2Fcomments&post=23788"}],"version-history":[{"count":1,"href":"https:\/\/informadorweb.com\/index.php?rest_route=\/wp\/v2\/posts\/23788\/revisions"}],"predecessor-version":[{"id":23789,"href":"https:\/\/informadorweb.com\/index.php?rest_route=\/wp\/v2\/posts\/23788\/revisions\/23789"}],"wp:attachment":[{"href":"https:\/\/informadorweb.com\/index.php?rest_route=%2Fwp%2Fv2%2Fmedia&parent=23788"}],"wp:term":[{"taxonomy":"category","embeddable":true,"href":"https:\/\/informadorweb.com\/index.php?rest_route=%2Fwp%2Fv2%2Fcategories&post=23788"},{"taxonomy":"post_tag","embeddable":true,"href":"https:\/\/informadorweb.com\/index.php?rest_route=%2Fwp%2Fv2%2Ftags&post=23788"}],"curies":[{"name":"wp","href":"https:\/\/api.w.org\/{rel}","templated":true}]}}