{"id":23782,"date":"2026-03-11T13:31:18","date_gmt":"2026-03-11T19:31:18","guid":{"rendered":"https:\/\/informadorweb.com\/?p=23782"},"modified":"2026-03-11T19:31:19","modified_gmt":"2026-03-11T19:31:19","slug":"mercado-chileno-preve-crecimiento-de-25-del-pib-para-2026","status":"publish","type":"post","link":"https:\/\/informadorweb.com\/?p=23782","title":{"rendered":"Mercado chileno prev\u00e9 crecimiento de 2,5% del PIB para 2026"},"content":{"rendered":"<p>SANTIAGO, 10 mar (Xinhua) &#8212; Analistas del mercado chileno proyectaron que la econom\u00eda del pa\u00eds sudamericano crecer\u00e1 un 2,5 por ciento en 2026, inform\u00f3 hoy martes el Banco Central de Chile. De acuerdo con la Encuesta de Expectativas Econ\u00f3micas correspondiente a marzo, los expertos prev\u00e9n que el \u00cdndice de Precios al Consumidor (IPC) alcance 3 por ciento al t\u00e9rmino de 2026, en l\u00ednea con el rango meta establecido por el Banco Central para una econom\u00eda \u00absaludable\u00bb. Respecto a la tasa de pol\u00edtica monetaria, herramienta empleada para detener los niveles de inflaci\u00f3n al recortar el est\u00edmulo monetario, se espera que la cifra se reduzca a 4,25 por ciento al cierre de este a\u00f1o. La tasa de inter\u00e9s mantendr\u00eda con ello su tendencia a la baja, pero con cautela al considerar los riesgos presentes en la econom\u00eda global y los conflictos geopol\u00edticos. De acuerdo con cifras oficiales chilenas y de organismos internacionales, la econom\u00eda chilena puede crecer entre un 2 y 2,5 por ciento en 2026, lo cual implica una recuperaci\u00f3n gradual, aunque por debajo de las tasas hist\u00f3ricas de crecimiento del pa\u00eds austral. Fin<\/p>\n","protected":false},"excerpt":{"rendered":"<p>SANTIAGO, 10 mar (Xinhua) &#8212; Analistas del mercado chileno proyectaron que la econom\u00eda del pa\u00eds&#8230;<\/p>\n","protected":false},"author":1,"featured_media":0,"comment_status":"closed","ping_status":"closed","sticky":false,"template":"","format":"standard","meta":{"footnotes":""},"categories":[2],"tags":[],"class_list":["post-23782","post","type-post","status-publish","format-standard","hentry","category-internacional"],"_links":{"self":[{"href":"https:\/\/informadorweb.com\/index.php?rest_route=\/wp\/v2\/posts\/23782","targetHints":{"allow":["GET"]}}],"collection":[{"href":"https:\/\/informadorweb.com\/index.php?rest_route=\/wp\/v2\/posts"}],"about":[{"href":"https:\/\/informadorweb.com\/index.php?rest_route=\/wp\/v2\/types\/post"}],"author":[{"embeddable":true,"href":"https:\/\/informadorweb.com\/index.php?rest_route=\/wp\/v2\/users\/1"}],"replies":[{"embeddable":true,"href":"https:\/\/informadorweb.com\/index.php?rest_route=%2Fwp%2Fv2%2Fcomments&post=23782"}],"version-history":[{"count":1,"href":"https:\/\/informadorweb.com\/index.php?rest_route=\/wp\/v2\/posts\/23782\/revisions"}],"predecessor-version":[{"id":23783,"href":"https:\/\/informadorweb.com\/index.php?rest_route=\/wp\/v2\/posts\/23782\/revisions\/23783"}],"wp:attachment":[{"href":"https:\/\/informadorweb.com\/index.php?rest_route=%2Fwp%2Fv2%2Fmedia&parent=23782"}],"wp:term":[{"taxonomy":"category","embeddable":true,"href":"https:\/\/informadorweb.com\/index.php?rest_route=%2Fwp%2Fv2%2Fcategories&post=23782"},{"taxonomy":"post_tag","embeddable":true,"href":"https:\/\/informadorweb.com\/index.php?rest_route=%2Fwp%2Fv2%2Ftags&post=23782"}],"curies":[{"name":"wp","href":"https:\/\/api.w.org\/{rel}","templated":true}]}}