{"id":23776,"date":"2026-03-11T13:28:42","date_gmt":"2026-03-11T19:28:42","guid":{"rendered":"https:\/\/informadorweb.com\/?p=23776"},"modified":"2026-03-11T19:28:43","modified_gmt":"2026-03-11T19:28:43","slug":"ecuador-presenta-estrategia-nacional-para-uso-etico-y-responsable-de-la-inteligencia-artificial","status":"publish","type":"post","link":"https:\/\/informadorweb.com\/?p=23776","title":{"rendered":"Ecuador presenta estrategia nacional para uso \u00e9tico y responsable de la inteligencia artificial"},"content":{"rendered":"<p>QUITO, 10 mar (Xinhua) &#8212; El Gobierno de Ecuador present\u00f3 hoy martes la Estrategia Nacional de Inteligencia Artificial, una iniciativa que establece la hoja de ruta para impulsar el desarrollo tecnol\u00f3gico del pa\u00eds y promover el uso \u00e9tico y responsable de esta herramienta, inform\u00f3 el ministro de Telecomunicaciones, Roberto Kury. La estrategia fue presentada en un acto oficial liderado por el ministro, con la participaci\u00f3n de especialistas internacionales, representantes de la Organizaci\u00f3n de las Naciones Unidas para la Educaci\u00f3n, la Ciencia y la Cultura (Unesco) y del Banco Interamericano de Desarrollo (BID), instituciones que respaldan esa iniciativa. En el evento tambi\u00e9n participaron representantes de la academia y autoridades del pa\u00eds, en lo que constituye un paso importante hacia la transformaci\u00f3n digital de Ecuador. Kury indic\u00f3 que la estrategia se articula en tres ejes principales: gobernanza y \u00e9tica; capacidades humanas y tecnol\u00f3gicas; e investigaci\u00f3n e innovaci\u00f3n. Adem\u00e1s, el plan contempla metas al 2030, entre ellas reducir la brecha digital entre las zonas urbanas y rurales del pa\u00eds sudamericano. \u00abEl \u00e9xito de la inteligencia artificial no se medir\u00e1 por la potencia de los algoritmos, sino por su capacidad de mejorar la vida de las personas\u00bb, se\u00f1al\u00f3 el ministro, quien agreg\u00f3 que se busca implementar esa tecnolog\u00eda de forma ordenada y coordinada en las instituciones, como parte de una pol\u00edtica nacional de transformaci\u00f3n digital. El funcionario destac\u00f3 que Ecuador ha avanzado en varios pilares de conectividad satelital, expansi\u00f3n de fibra \u00f3ptica a nivel nacional y redes m\u00f3viles 3G, 4G y 5G. En la presentaci\u00f3n, Laura Melo, coordinadora residente de la ONU en Ecuador, destac\u00f3 la importancia de desarrollar la inteligencia artificial con principios claros, poniendo a las personas, los derechos y la \u00e9tica en el centro de la transformaci\u00f3n digital. Por su parte, Vinicio Rodr\u00edguez, jefe de Operaciones del BID, resalt\u00f3 el trabajo conjunto para impulsar una hoja de ruta que promueva el desarrollo y el uso responsable de la inteligencia artificial en Ecuador. \u00abLa inteligencia artificial representa una de las mayores oportunidades para transformar nuestras econom\u00edas y mejorar los servicios p\u00fablicos\u00bb, se\u00f1al\u00f3. Precis\u00f3 que el 66 por ciento de los hogares ecuatorianos cuenta con conexi\u00f3n digital, una cifra ligeramente por encima del promedio regional, aunque persisten brechas entre zonas urbanas (73,6 por ciento) y rurales (48,1 por ciento). Fin<\/p>\n","protected":false},"excerpt":{"rendered":"<p>QUITO, 10 mar (Xinhua) &#8212; El Gobierno de Ecuador present\u00f3 hoy martes la Estrategia Nacional&#8230;<\/p>\n","protected":false},"author":1,"featured_media":0,"comment_status":"closed","ping_status":"closed","sticky":false,"template":"","format":"standard","meta":{"footnotes":""},"categories":[2],"tags":[],"class_list":["post-23776","post","type-post","status-publish","format-standard","hentry","category-internacional"],"_links":{"self":[{"href":"https:\/\/informadorweb.com\/index.php?rest_route=\/wp\/v2\/posts\/23776","targetHints":{"allow":["GET"]}}],"collection":[{"href":"https:\/\/informadorweb.com\/index.php?rest_route=\/wp\/v2\/posts"}],"about":[{"href":"https:\/\/informadorweb.com\/index.php?rest_route=\/wp\/v2\/types\/post"}],"author":[{"embeddable":true,"href":"https:\/\/informadorweb.com\/index.php?rest_route=\/wp\/v2\/users\/1"}],"replies":[{"embeddable":true,"href":"https:\/\/informadorweb.com\/index.php?rest_route=%2Fwp%2Fv2%2Fcomments&post=23776"}],"version-history":[{"count":1,"href":"https:\/\/informadorweb.com\/index.php?rest_route=\/wp\/v2\/posts\/23776\/revisions"}],"predecessor-version":[{"id":23777,"href":"https:\/\/informadorweb.com\/index.php?rest_route=\/wp\/v2\/posts\/23776\/revisions\/23777"}],"wp:attachment":[{"href":"https:\/\/informadorweb.com\/index.php?rest_route=%2Fwp%2Fv2%2Fmedia&parent=23776"}],"wp:term":[{"taxonomy":"category","embeddable":true,"href":"https:\/\/informadorweb.com\/index.php?rest_route=%2Fwp%2Fv2%2Fcategories&post=23776"},{"taxonomy":"post_tag","embeddable":true,"href":"https:\/\/informadorweb.com\/index.php?rest_route=%2Fwp%2Fv2%2Ftags&post=23776"}],"curies":[{"name":"wp","href":"https:\/\/api.w.org\/{rel}","templated":true}]}}