{"id":23772,"date":"2026-03-11T13:27:19","date_gmt":"2026-03-11T19:27:19","guid":{"rendered":"https:\/\/informadorweb.com\/?p=23772"},"modified":"2026-03-11T19:27:20","modified_gmt":"2026-03-11T19:27:20","slug":"presidente-de-colombia-confirma-muerte-de-7-miembros-de-disidencias-de-las-farc-tras-bombardeo","status":"publish","type":"post","link":"https:\/\/informadorweb.com\/?p=23772","title":{"rendered":"Presidente de Colombia confirma muerte de 7 miembros de disidencias de las FARC tras bombardeo"},"content":{"rendered":"<p>BOGOT\u00c1, 10 mar (Xinhua) &#8212; El presidente colombiano, Gustavo Petro confirm\u00f3 este martes la muerte de al menos siete integrantes de las disidencias de las extintas Fuerzas Armadas Revolucionarias de Colombia (FARC) durante un bombardeo de las Fuerzas Militares en Ituango, departamento de Antioquia (noroeste). \u00abSe trata de un golpe al autodenominado frente 18 dedicado a la miner\u00eda ilegal del oro. La violencia cesa si salimos de las econom\u00edas il\u00edcitas. La paz se logra si deciden salir de las econom\u00edas il\u00edcitas y ayudan a transformar el territorio para el progreso del pueblo excluido\u00bb, escribi\u00f3 el mandatario en su cuenta de la red social X. Por su parte, el ministro de Defensa, Pedro S\u00e1nchez, explic\u00f3 que la operaci\u00f3n militar en contra de dicho grupo contin\u00faa en desarrollo en la zona. \u00abEntre los neutralizados cay\u00f3 alias &#8216;Ramiro&#8217;, cabecilla principal de esta estructura criminal dedicada al narcotr\u00e1fico, la miner\u00eda ilegal, el reclutamiento de menores, homicidios, asesinatos de l\u00edderes sociales, desplazamiento forzado, confinamiento y otros delitos que han afectado a las comunidades durante d\u00e9cadas\u00bb, resalt\u00f3. En lo que va del 2026 se han intensificado las operaciones ofensivas de las fuerzas militares en contra de los grupos armados ilegales que no se acogieron a la pol\u00edtica de Paz Total planteada por el presidente Petro, lo que ha dejado al menos 33 muertos, seg\u00fan cifras oficiales. Fin<\/p>\n","protected":false},"excerpt":{"rendered":"<p>BOGOT\u00c1, 10 mar (Xinhua) &#8212; El presidente colombiano, Gustavo Petro confirm\u00f3 este martes la muerte&#8230;<\/p>\n","protected":false},"author":1,"featured_media":0,"comment_status":"closed","ping_status":"closed","sticky":false,"template":"","format":"standard","meta":{"footnotes":""},"categories":[2],"tags":[],"class_list":["post-23772","post","type-post","status-publish","format-standard","hentry","category-internacional"],"_links":{"self":[{"href":"https:\/\/informadorweb.com\/index.php?rest_route=\/wp\/v2\/posts\/23772","targetHints":{"allow":["GET"]}}],"collection":[{"href":"https:\/\/informadorweb.com\/index.php?rest_route=\/wp\/v2\/posts"}],"about":[{"href":"https:\/\/informadorweb.com\/index.php?rest_route=\/wp\/v2\/types\/post"}],"author":[{"embeddable":true,"href":"https:\/\/informadorweb.com\/index.php?rest_route=\/wp\/v2\/users\/1"}],"replies":[{"embeddable":true,"href":"https:\/\/informadorweb.com\/index.php?rest_route=%2Fwp%2Fv2%2Fcomments&post=23772"}],"version-history":[{"count":1,"href":"https:\/\/informadorweb.com\/index.php?rest_route=\/wp\/v2\/posts\/23772\/revisions"}],"predecessor-version":[{"id":23773,"href":"https:\/\/informadorweb.com\/index.php?rest_route=\/wp\/v2\/posts\/23772\/revisions\/23773"}],"wp:attachment":[{"href":"https:\/\/informadorweb.com\/index.php?rest_route=%2Fwp%2Fv2%2Fmedia&parent=23772"}],"wp:term":[{"taxonomy":"category","embeddable":true,"href":"https:\/\/informadorweb.com\/index.php?rest_route=%2Fwp%2Fv2%2Fcategories&post=23772"},{"taxonomy":"post_tag","embeddable":true,"href":"https:\/\/informadorweb.com\/index.php?rest_route=%2Fwp%2Fv2%2Ftags&post=23772"}],"curies":[{"name":"wp","href":"https:\/\/api.w.org\/{rel}","templated":true}]}}