{"id":23766,"date":"2026-03-11T13:24:30","date_gmt":"2026-03-11T19:24:30","guid":{"rendered":"https:\/\/informadorweb.com\/?p=23766"},"modified":"2026-03-11T19:24:31","modified_gmt":"2026-03-11T19:24:31","slug":"iran-lanza-ataques-con-drones-contra-ejercito-y-centros-de-recepcion-de-datos-satelitales-de-israel","status":"publish","type":"post","link":"https:\/\/informadorweb.com\/?p=23766","title":{"rendered":"Ir\u00e1n lanza ataques con drones contra ej\u00e9rcito y centros de recepci\u00f3n de datos satelitales de Israel"},"content":{"rendered":"<p>TEHER\u00c1N, 10 mar (Xinhua) &#8212; El ej\u00e9rcito de Ir\u00e1n dijo que sus fuerzas utilizaron en las primeras horas de hoy drones suicidas para atacar una instalaci\u00f3n de fabricaci\u00f3n de armas y un centro de recepci\u00f3n de inteligencia satelital en Haifa, Israel. En una declaraci\u00f3n, el ej\u00e9rcito dijo que la instalaci\u00f3n militar atacada desempe\u00f1aba un papel clave en la producci\u00f3n de armas y era de importancia estrat\u00e9gica para la capacidad de combate de Israel. El centro de datos satelitales, afirm\u00f3, era cr\u00edtico para recabar informaci\u00f3n militar y de inteligencia y hab\u00eda desempe\u00f1ado un papel de coordinador en el manejo de las operaciones satelitales de reconocimiento de Israel. Por otra parte, el Cuerpo de los Guardianes de la Revoluci\u00f3n Isl\u00e1mica (CGRI) dijo que hoy lanz\u00f3 la oleada n\u00famero 35 de ataques con misiles y que alcanz\u00f3 Tel Aviv y Beit Shemesh, as\u00ed como bases estadounidenses en la regi\u00f3n. En una segunda declaraci\u00f3n, el CGRI dijo haber alcanzado tambi\u00e9n la base a\u00e9rea estadounidense Al Dhafra en Emiratos \u00c1rabes Unidos y una base en Bar\u00e9in, adem\u00e1s de bases militares, un aeropuerto y lanzamisiles ocultos en Israel. Tambi\u00e9n hoy, el vocero del Ministerio de Relaciones Exteriores de Ir\u00e1n, Esmaeil Baghaei, conden\u00f3 los da\u00f1os causados por los ataques de Estados Unidos e Israel al Palacio de Chehel Sot\u00fan y otros sitios en la Plaza Naqsh-e-Jahan de Isfah\u00e1n, complejo incluido en la lista de la Unesco. Unos d\u00edas antes, el Palacio Golest\u00e1n en Teher\u00e1n, tambi\u00e9n un sitio del Patrimonio Mundial de la Unesco, fue igualmente da\u00f1ado por ataques. Los ataques forman parte de un conflicto m\u00e1s amplio que comenz\u00f3 el 28 de febrero cuando Israel y Estados Unidos lanzaron ataques coordinados contra Teher\u00e1n y otras ciudades iran\u00edes, durante los cuales mataron al l\u00edder iran\u00ed supremo Ali Khamenei, a importantes comandantes militares y a civiles. Ir\u00e1n respondi\u00f3 con una oleada de ataques con misiles y drones contra objetivos israel\u00edes y estadounidenses en Medio Oriente. Fin<\/p>\n","protected":false},"excerpt":{"rendered":"<p>TEHER\u00c1N, 10 mar (Xinhua) &#8212; El ej\u00e9rcito de Ir\u00e1n dijo que sus fuerzas utilizaron en&#8230;<\/p>\n","protected":false},"author":1,"featured_media":0,"comment_status":"closed","ping_status":"closed","sticky":false,"template":"","format":"standard","meta":{"footnotes":""},"categories":[2],"tags":[],"class_list":["post-23766","post","type-post","status-publish","format-standard","hentry","category-internacional"],"_links":{"self":[{"href":"https:\/\/informadorweb.com\/index.php?rest_route=\/wp\/v2\/posts\/23766","targetHints":{"allow":["GET"]}}],"collection":[{"href":"https:\/\/informadorweb.com\/index.php?rest_route=\/wp\/v2\/posts"}],"about":[{"href":"https:\/\/informadorweb.com\/index.php?rest_route=\/wp\/v2\/types\/post"}],"author":[{"embeddable":true,"href":"https:\/\/informadorweb.com\/index.php?rest_route=\/wp\/v2\/users\/1"}],"replies":[{"embeddable":true,"href":"https:\/\/informadorweb.com\/index.php?rest_route=%2Fwp%2Fv2%2Fcomments&post=23766"}],"version-history":[{"count":1,"href":"https:\/\/informadorweb.com\/index.php?rest_route=\/wp\/v2\/posts\/23766\/revisions"}],"predecessor-version":[{"id":23767,"href":"https:\/\/informadorweb.com\/index.php?rest_route=\/wp\/v2\/posts\/23766\/revisions\/23767"}],"wp:attachment":[{"href":"https:\/\/informadorweb.com\/index.php?rest_route=%2Fwp%2Fv2%2Fmedia&parent=23766"}],"wp:term":[{"taxonomy":"category","embeddable":true,"href":"https:\/\/informadorweb.com\/index.php?rest_route=%2Fwp%2Fv2%2Fcategories&post=23766"},{"taxonomy":"post_tag","embeddable":true,"href":"https:\/\/informadorweb.com\/index.php?rest_route=%2Fwp%2Fv2%2Ftags&post=23766"}],"curies":[{"name":"wp","href":"https:\/\/api.w.org\/{rel}","templated":true}]}}