{"id":23758,"date":"2026-03-11T13:21:37","date_gmt":"2026-03-11T19:21:37","guid":{"rendered":"https:\/\/informadorweb.com\/?p=23758"},"modified":"2026-03-11T19:21:38","modified_gmt":"2026-03-11T19:21:38","slug":"enfrentamientos-entre-grupos-armados-ilegales-dejan-al-menos-3-indigenas-muertos","status":"publish","type":"post","link":"https:\/\/informadorweb.com\/?p=23758","title":{"rendered":"Enfrentamientos entre grupos armados ilegales dejan al menos 3 ind\u00edgenas muertos"},"content":{"rendered":"<p>BOGOT\u00c1, 10 mar (Xinhua) &#8212; Al menos tres ind\u00edgenas fueron asesinados en la Sierra Nevada de Santa Marta, en el norte de Colombia, en medio de combates entre los grupos armados Clan del Golfo y Los Pachenca, inform\u00f3 hoy martes el comandante del Ej\u00e9rcito Nacional, mayor Royer G\u00f3mez. \u00abLas confrontaciones se vienen presentando en un \u00e1rea de la comunidad ind\u00edgena Serankua, esto es en la parte alta de la Sierra Nevada de Santa Marta y corresponde al municipio de Aracataca\u00bb, precis\u00f3 el militar en rueda de prensa. Se\u00f1al\u00f3 que tropas del Ej\u00e9rcito ingresaron al \u00e1rea con apoyo de helic\u00f3pteros de la Fuerza Aeroespacial Colombiana que despejan el territorio para permitir el ingreso de organismos de socorro. \u00abEs una operaci\u00f3n en desarrollo, ya estamos consolidando el \u00e1rea para poder ingresar a la Fiscal\u00eda y poder brindar asistencia humanitaria a las personas que han resultado afectadas. La informaci\u00f3n que tenemos es de tres personas asesinadas de la comunidad ind\u00edgena, un ni\u00f1o herido y hay otras personas heridas que no hemos logrado determinar el n\u00famero\u00bb, agreg\u00f3. Por su parte, el presidente Gustavo Petro public\u00f3 en su cuenta de X que la Fuerza P\u00fablica seguir\u00e1 en este territorio para evitar m\u00e1s hechos violentos como este. \u00abLos ind\u00edgenas son la ra\u00edz ancestral de la nacionalidad colombiana y latinoamericana. Tomamos posesi\u00f3n del territorio agredido y de la Sierra Nevada no debe salir m\u00e1s la fuerza p\u00fablica\u00bb, a\u00f1adi\u00f3. Entre tanto, el gobernador del Cabildo ind\u00edgena arhuaco de los departamentos de Magdalena y La Guajira, Luis Salcedo, sostuvo a trav\u00e9s de un video difundido en sus redes sociales que los enfrentamientos entre los grupos armados ilegales iniciaron el pasado viernes, tras lo cual pidi\u00f3 al Gobierno nacional ayuda humanitaria urgente para los heridos. Los grupos Clan del Golfo y Los Pachenca, tambi\u00e9n conocido como Autodefensas Conquistadores de la Sierra Nevada, se disputan esta zona del pa\u00eds suramericano por las rutas estrat\u00e9gicas de narcotr\u00e1fico. Fin<\/p>\n","protected":false},"excerpt":{"rendered":"<p>BOGOT\u00c1, 10 mar (Xinhua) &#8212; Al menos tres ind\u00edgenas fueron asesinados en la Sierra Nevada&#8230;<\/p>\n","protected":false},"author":1,"featured_media":0,"comment_status":"closed","ping_status":"closed","sticky":false,"template":"","format":"standard","meta":{"footnotes":""},"categories":[2],"tags":[],"class_list":["post-23758","post","type-post","status-publish","format-standard","hentry","category-internacional"],"_links":{"self":[{"href":"https:\/\/informadorweb.com\/index.php?rest_route=\/wp\/v2\/posts\/23758","targetHints":{"allow":["GET"]}}],"collection":[{"href":"https:\/\/informadorweb.com\/index.php?rest_route=\/wp\/v2\/posts"}],"about":[{"href":"https:\/\/informadorweb.com\/index.php?rest_route=\/wp\/v2\/types\/post"}],"author":[{"embeddable":true,"href":"https:\/\/informadorweb.com\/index.php?rest_route=\/wp\/v2\/users\/1"}],"replies":[{"embeddable":true,"href":"https:\/\/informadorweb.com\/index.php?rest_route=%2Fwp%2Fv2%2Fcomments&post=23758"}],"version-history":[{"count":1,"href":"https:\/\/informadorweb.com\/index.php?rest_route=\/wp\/v2\/posts\/23758\/revisions"}],"predecessor-version":[{"id":23759,"href":"https:\/\/informadorweb.com\/index.php?rest_route=\/wp\/v2\/posts\/23758\/revisions\/23759"}],"wp:attachment":[{"href":"https:\/\/informadorweb.com\/index.php?rest_route=%2Fwp%2Fv2%2Fmedia&parent=23758"}],"wp:term":[{"taxonomy":"category","embeddable":true,"href":"https:\/\/informadorweb.com\/index.php?rest_route=%2Fwp%2Fv2%2Fcategories&post=23758"},{"taxonomy":"post_tag","embeddable":true,"href":"https:\/\/informadorweb.com\/index.php?rest_route=%2Fwp%2Fv2%2Ftags&post=23758"}],"curies":[{"name":"wp","href":"https:\/\/api.w.org\/{rel}","templated":true}]}}