{"id":23752,"date":"2026-03-11T13:18:15","date_gmt":"2026-03-11T19:18:15","guid":{"rendered":"https:\/\/informadorweb.com\/?p=23752"},"modified":"2026-03-11T19:18:36","modified_gmt":"2026-03-11T19:18:36","slug":"ningun-plan-conjunto-para-poner-fin-a-guerra-de-eeuu-israel-contra-iran-dice-merz","status":"publish","type":"post","link":"https:\/\/informadorweb.com\/?p=23752","title":{"rendered":"\u00abNing\u00fan plan conjunto\u00bb para poner fin a guerra de EEUU-Israel contra Ir\u00e1n, dice Merz"},"content":{"rendered":"<p>BERL\u00cdN, 10 mar (Xinhua) &#8212; El canciller alem\u00e1n, Friedrich Merz, dijo hoy que \u00abclaramente no hay ning\u00fan plan conjunto\u00bb para poner un fin r\u00e1pido y claro a la guerra emprendida por Estados Unidos e Israel contra Ir\u00e1n. La guerra ha durado m\u00e1s de una semana y \u00abest\u00e1n surgiendo m\u00e1s problemas\u00bb, dijo Merz en una conferencia de prensa conjunta con el primer ministro checo, Andrej Babis. Merz se\u00f1al\u00f3 que la guerra podr\u00eda afectar la seguridad y el suministro energ\u00e9tico de Alemania y Europa, as\u00ed como la situaci\u00f3n de la migraci\u00f3n. La guerra no llevar\u00e1 una seguridad y una estabilidad duraderas a Israel ni a otros socios regionales, y tampoco servir\u00e1 a los intereses del pueblo iran\u00ed, afirm\u00f3 Merz, quien agreg\u00f3 que el mundo necesita un Ir\u00e1n estable y viable como parte de un orden regional de paz y seguridad. Fin<\/p>\n","protected":false},"excerpt":{"rendered":"<p>BERL\u00cdN, 10 mar (Xinhua) &#8212; El canciller alem\u00e1n, Friedrich Merz, dijo hoy que \u00abclaramente no&#8230;<\/p>\n","protected":false},"author":1,"featured_media":0,"comment_status":"closed","ping_status":"closed","sticky":false,"template":"","format":"standard","meta":{"footnotes":""},"categories":[2],"tags":[],"class_list":["post-23752","post","type-post","status-publish","format-standard","hentry","category-internacional"],"_links":{"self":[{"href":"https:\/\/informadorweb.com\/index.php?rest_route=\/wp\/v2\/posts\/23752","targetHints":{"allow":["GET"]}}],"collection":[{"href":"https:\/\/informadorweb.com\/index.php?rest_route=\/wp\/v2\/posts"}],"about":[{"href":"https:\/\/informadorweb.com\/index.php?rest_route=\/wp\/v2\/types\/post"}],"author":[{"embeddable":true,"href":"https:\/\/informadorweb.com\/index.php?rest_route=\/wp\/v2\/users\/1"}],"replies":[{"embeddable":true,"href":"https:\/\/informadorweb.com\/index.php?rest_route=%2Fwp%2Fv2%2Fcomments&post=23752"}],"version-history":[{"count":1,"href":"https:\/\/informadorweb.com\/index.php?rest_route=\/wp\/v2\/posts\/23752\/revisions"}],"predecessor-version":[{"id":23753,"href":"https:\/\/informadorweb.com\/index.php?rest_route=\/wp\/v2\/posts\/23752\/revisions\/23753"}],"wp:attachment":[{"href":"https:\/\/informadorweb.com\/index.php?rest_route=%2Fwp%2Fv2%2Fmedia&parent=23752"}],"wp:term":[{"taxonomy":"category","embeddable":true,"href":"https:\/\/informadorweb.com\/index.php?rest_route=%2Fwp%2Fv2%2Fcategories&post=23752"},{"taxonomy":"post_tag","embeddable":true,"href":"https:\/\/informadorweb.com\/index.php?rest_route=%2Fwp%2Fv2%2Ftags&post=23752"}],"curies":[{"name":"wp","href":"https:\/\/api.w.org\/{rel}","templated":true}]}}