{"id":23718,"date":"2026-03-11T13:01:37","date_gmt":"2026-03-11T19:01:37","guid":{"rendered":"https:\/\/informadorweb.com\/?p=23718"},"modified":"2026-03-11T19:01:39","modified_gmt":"2026-03-11T19:01:39","slug":"ministro-del-exterior-aleman-visita-israel-dice-que-eeuu-e-israel-estan-listos-para-solucion-diplomatica-con-iran","status":"publish","type":"post","link":"https:\/\/informadorweb.com\/?p=23718","title":{"rendered":"Ministro del Exterior alem\u00e1n visita Israel, dice que EEUU e Israel est\u00e1n listos para soluci\u00f3n diplom\u00e1tica con Ir\u00e1n"},"content":{"rendered":"<p>JERUSAL\u00c9N, 10 mar (Xinhua) &#8212; El ministro de Relaciones Exteriores de Alemania, Johann Wadephul, visit\u00f3 Israel hoy martes y dijo que cree que Estados Unidos e Israel \u00abest\u00e1n listos para una soluci\u00f3n diplom\u00e1tica\u00bb. Su visita, que tiene lugar en el onceavo d\u00eda del conflicto regional, es el primer viaje diplom\u00e1tico a Israel desde el inicio de los ataques conjuntos israel\u00ed-estadounidenses contra Ir\u00e1n el 28 de febrero que han provocado una mort\u00edfera escalada regional. Wadephul expres\u00f3 una \u00abmuy alta confianza en que ambos pa\u00edses, Estados Unidos e Israel, est\u00e1n listos para una soluci\u00f3n diplom\u00e1tica\u00bb. El ministro hizo las declaraciones junto con su hom\u00f3logo israel\u00ed, Gideon Sa&#8217;ar, e indic\u00f3 que el lunes discuti\u00f3 el conflicto y la postura de Estados Unidos con el secretario de Estado estadounidense, Marco Rubio. Esta ma\u00f1ana, el presidente estadounidense, Donald Trump, dijo a Fox News que a\u00fan es posible que Washington negocie con Teher\u00e1n, despu\u00e9s de que el lunes afirmara que los ataques militares estadounidense-israel\u00edes contra Ir\u00e1n terminar\u00edan \u00abmuy pronto\u00bb. Sin embargo, el primer ministro israel\u00ed, Benjamin Netanyahu, advirti\u00f3 hoy que Israel \u00aba\u00fan no ha terminado\u00bb su ofensiva contra Ir\u00e1n, y se\u00f1al\u00f3 que los ataques han debilitado severamente las capacidades del Gobierno iran\u00ed. Por su parte, el ministro de Relaciones Exteriores de Ir\u00e1n, Seyed Abbas Araghchi, indic\u00f3 hoy que el pa\u00eds est\u00e1 bien preparado para continuar sus ataques con misiles contra bases de Israel y Estados Unidos en la regi\u00f3n de Asia Occidental tanto tiempo como sea necesario. Agreg\u00f3 que considera que la reanudaci\u00f3n de las negociaciones con Estados Unidos \u00abya no estar\u00e1 en nuestra agenda\u00bb. Fin<\/p>\n","protected":false},"excerpt":{"rendered":"<p>JERUSAL\u00c9N, 10 mar (Xinhua) &#8212; El ministro de Relaciones Exteriores de Alemania, Johann Wadephul, visit\u00f3&#8230;<\/p>\n","protected":false},"author":1,"featured_media":0,"comment_status":"closed","ping_status":"closed","sticky":false,"template":"","format":"standard","meta":{"footnotes":""},"categories":[2],"tags":[],"class_list":["post-23718","post","type-post","status-publish","format-standard","hentry","category-internacional"],"_links":{"self":[{"href":"https:\/\/informadorweb.com\/index.php?rest_route=\/wp\/v2\/posts\/23718","targetHints":{"allow":["GET"]}}],"collection":[{"href":"https:\/\/informadorweb.com\/index.php?rest_route=\/wp\/v2\/posts"}],"about":[{"href":"https:\/\/informadorweb.com\/index.php?rest_route=\/wp\/v2\/types\/post"}],"author":[{"embeddable":true,"href":"https:\/\/informadorweb.com\/index.php?rest_route=\/wp\/v2\/users\/1"}],"replies":[{"embeddable":true,"href":"https:\/\/informadorweb.com\/index.php?rest_route=%2Fwp%2Fv2%2Fcomments&post=23718"}],"version-history":[{"count":1,"href":"https:\/\/informadorweb.com\/index.php?rest_route=\/wp\/v2\/posts\/23718\/revisions"}],"predecessor-version":[{"id":23719,"href":"https:\/\/informadorweb.com\/index.php?rest_route=\/wp\/v2\/posts\/23718\/revisions\/23719"}],"wp:attachment":[{"href":"https:\/\/informadorweb.com\/index.php?rest_route=%2Fwp%2Fv2%2Fmedia&parent=23718"}],"wp:term":[{"taxonomy":"category","embeddable":true,"href":"https:\/\/informadorweb.com\/index.php?rest_route=%2Fwp%2Fv2%2Fcategories&post=23718"},{"taxonomy":"post_tag","embeddable":true,"href":"https:\/\/informadorweb.com\/index.php?rest_route=%2Fwp%2Fv2%2Ftags&post=23718"}],"curies":[{"name":"wp","href":"https:\/\/api.w.org\/{rel}","templated":true}]}}