{"id":23704,"date":"2026-03-11T12:56:13","date_gmt":"2026-03-11T18:56:13","guid":{"rendered":"https:\/\/informadorweb.com\/?p=23704"},"modified":"2026-03-11T18:56:15","modified_gmt":"2026-03-11T18:56:15","slug":"cancilleres-de-rusia-e-iran-discuten-por-telefono-situacion-en-medio-oriente","status":"publish","type":"post","link":"https:\/\/informadorweb.com\/?p=23704","title":{"rendered":"Cancilleres de Rusia e Ir\u00e1n discuten por tel\u00e9fono situaci\u00f3n en Medio Oriente"},"content":{"rendered":"<p>MOSC\u00da, 10 mar (Xinhua) &#8212; El ministro de Relaciones Exteriores de Rusia, Sergei Lavrov, sostuvo hoy martes una conversaci\u00f3n telef\u00f3nica con su hom\u00f3logo de Ir\u00e1n, Seyed Abbas Araghchi, para discutir la situaci\u00f3n en Medio Oriente. Las dos partes intercambiaron opiniones sobre la situaci\u00f3n regional, que se ha deteriorado dr\u00e1sticamente luego de la agresi\u00f3n no provocada de Estados Unidos e Israel contra Ir\u00e1n, se\u00f1al\u00f3 el Ministerio de Relaciones Exteriores ruso en un comunicado. Lavrov reiter\u00f3 la postura de principios de Rusia a favor de una r\u00e1pida desescalada y el retorno a una soluci\u00f3n pol\u00edtica y diplom\u00e1tica, indica el comunicado. Rusia sigue dispuesta a facilitar estos esfuerzos, teniendo en cuenta los intereses de seguridad de Ir\u00e1n y de sus vecinos, a\u00f1adi\u00f3. Previamente, Lavrov y Araghchi sostuvieron una conversaci\u00f3n telef\u00f3nica el 28 de febrero, durante la cual el ministro ruso conden\u00f3 los ataques estadounidenses e israel\u00edes contra Ir\u00e1n. Fin<\/p>\n","protected":false},"excerpt":{"rendered":"<p>MOSC\u00da, 10 mar (Xinhua) &#8212; El ministro de Relaciones Exteriores de Rusia, Sergei Lavrov, sostuvo&#8230;<\/p>\n","protected":false},"author":1,"featured_media":0,"comment_status":"closed","ping_status":"closed","sticky":false,"template":"","format":"standard","meta":{"footnotes":""},"categories":[2],"tags":[],"class_list":["post-23704","post","type-post","status-publish","format-standard","hentry","category-internacional"],"_links":{"self":[{"href":"https:\/\/informadorweb.com\/index.php?rest_route=\/wp\/v2\/posts\/23704","targetHints":{"allow":["GET"]}}],"collection":[{"href":"https:\/\/informadorweb.com\/index.php?rest_route=\/wp\/v2\/posts"}],"about":[{"href":"https:\/\/informadorweb.com\/index.php?rest_route=\/wp\/v2\/types\/post"}],"author":[{"embeddable":true,"href":"https:\/\/informadorweb.com\/index.php?rest_route=\/wp\/v2\/users\/1"}],"replies":[{"embeddable":true,"href":"https:\/\/informadorweb.com\/index.php?rest_route=%2Fwp%2Fv2%2Fcomments&post=23704"}],"version-history":[{"count":1,"href":"https:\/\/informadorweb.com\/index.php?rest_route=\/wp\/v2\/posts\/23704\/revisions"}],"predecessor-version":[{"id":23705,"href":"https:\/\/informadorweb.com\/index.php?rest_route=\/wp\/v2\/posts\/23704\/revisions\/23705"}],"wp:attachment":[{"href":"https:\/\/informadorweb.com\/index.php?rest_route=%2Fwp%2Fv2%2Fmedia&parent=23704"}],"wp:term":[{"taxonomy":"category","embeddable":true,"href":"https:\/\/informadorweb.com\/index.php?rest_route=%2Fwp%2Fv2%2Fcategories&post=23704"},{"taxonomy":"post_tag","embeddable":true,"href":"https:\/\/informadorweb.com\/index.php?rest_route=%2Fwp%2Fv2%2Ftags&post=23704"}],"curies":[{"name":"wp","href":"https:\/\/api.w.org\/{rel}","templated":true}]}}