{"id":23696,"date":"2026-03-11T12:53:47","date_gmt":"2026-03-11T18:53:47","guid":{"rendered":"https:\/\/informadorweb.com\/?p=23696"},"modified":"2026-03-11T18:53:48","modified_gmt":"2026-03-11T18:53:48","slug":"ampliacion-despliegan-sistema-patriot-en-el-este-de-turquia-para-proteger-espacio-aereo","status":"publish","type":"post","link":"https:\/\/informadorweb.com\/?p=23696","title":{"rendered":"Ampliaci\u00f3n: Despliegan sistema Patriot en el este de Turqu\u00eda para proteger espacio a\u00e9reo"},"content":{"rendered":"<p>ANKARA, 10 mar (Xinhua) &#8212; Un sistema de defensa antia\u00e9rea Patriot, asignado por la OTAN en apoyo a la protecci\u00f3n del espacio a\u00e9reo de Turqu\u00eda, fue desplegado en la provincia oriental turca de Malatya, en preparaci\u00f3n para su puesta en funcionamiento, inform\u00f3 hoy martes el Ministerio de Defensa turco. En un comunicado publicado en la red social X, la cartera confirm\u00f3 que la OTAN ha reforzado sus defensas antia\u00e9reas y antimisiles, complementando las medidas nacionales de Turqu\u00eda. \u00abEn este marco, un sistema Patriot se encuentra actualmente en Malatya y est\u00e1 siendo preparado para entrar en estado operativo con el fin de apoyar la protecci\u00f3n de nuestro espacio a\u00e9reo\u00bb, reza el texto. Malatya alberga la base de radar de K\u00fcrecik, una instalaci\u00f3n de alerta temprana que forma parte del sistema de defensa contra misiles bal\u00edsticos de la OTAN. El ministerio a\u00f1adi\u00f3 que Turqu\u00eda continuar\u00e1 evaluando los acontecimientos en coordinaci\u00f3n y consultas con la OTAN y sus aliados, y reiter\u00f3 el compromiso del pa\u00eds con la paz y la estabilidad regionales. La medida se produce despu\u00e9s de la interceptaci\u00f3n el lunes de un misil lanzado desde Ir\u00e1n sobre la provincia suroriental turca de Gaziantep. El proyectil fue neutralizado por las defensas antia\u00e9reas y antimisiles de la OTAN en el Mediterr\u00e1neo oriental, sin que se registraran v\u00edctimas. El suceso ocurre en medio del aumento de las tensiones regionales tras los ataques conjuntos de Estados Unidos e Israel contra Ir\u00e1n el 28 de febrero, a los que Teher\u00e1n respondi\u00f3 con ataques con misiles y drones contra Israel y activos estadounidenses en Medio Oriente. Fin<\/p>\n","protected":false},"excerpt":{"rendered":"<p>ANKARA, 10 mar (Xinhua) &#8212; Un sistema de defensa antia\u00e9rea Patriot, asignado por la OTAN&#8230;<\/p>\n","protected":false},"author":1,"featured_media":0,"comment_status":"closed","ping_status":"closed","sticky":false,"template":"","format":"standard","meta":{"footnotes":""},"categories":[2],"tags":[],"class_list":["post-23696","post","type-post","status-publish","format-standard","hentry","category-internacional"],"_links":{"self":[{"href":"https:\/\/informadorweb.com\/index.php?rest_route=\/wp\/v2\/posts\/23696","targetHints":{"allow":["GET"]}}],"collection":[{"href":"https:\/\/informadorweb.com\/index.php?rest_route=\/wp\/v2\/posts"}],"about":[{"href":"https:\/\/informadorweb.com\/index.php?rest_route=\/wp\/v2\/types\/post"}],"author":[{"embeddable":true,"href":"https:\/\/informadorweb.com\/index.php?rest_route=\/wp\/v2\/users\/1"}],"replies":[{"embeddable":true,"href":"https:\/\/informadorweb.com\/index.php?rest_route=%2Fwp%2Fv2%2Fcomments&post=23696"}],"version-history":[{"count":1,"href":"https:\/\/informadorweb.com\/index.php?rest_route=\/wp\/v2\/posts\/23696\/revisions"}],"predecessor-version":[{"id":23697,"href":"https:\/\/informadorweb.com\/index.php?rest_route=\/wp\/v2\/posts\/23696\/revisions\/23697"}],"wp:attachment":[{"href":"https:\/\/informadorweb.com\/index.php?rest_route=%2Fwp%2Fv2%2Fmedia&parent=23696"}],"wp:term":[{"taxonomy":"category","embeddable":true,"href":"https:\/\/informadorweb.com\/index.php?rest_route=%2Fwp%2Fv2%2Fcategories&post=23696"},{"taxonomy":"post_tag","embeddable":true,"href":"https:\/\/informadorweb.com\/index.php?rest_route=%2Fwp%2Fv2%2Ftags&post=23696"}],"curies":[{"name":"wp","href":"https:\/\/api.w.org\/{rel}","templated":true}]}}