{"id":23694,"date":"2026-03-11T12:53:16","date_gmt":"2026-03-11T18:53:16","guid":{"rendered":"https:\/\/informadorweb.com\/?p=23694"},"modified":"2026-03-11T18:53:17","modified_gmt":"2026-03-11T18:53:17","slug":"ampliacion-canciller-irani-afirma-que-teheran-esta-listo-para-continuar-ataques-con-misiles-a-ee-uu-e-israel-el-tiempo-que-sea-necesario","status":"publish","type":"post","link":"https:\/\/informadorweb.com\/?p=23694","title":{"rendered":"Ampliaci\u00f3n: Canciller iran\u00ed afirma que Teher\u00e1n est\u00e1 listo para continuar ataques con misiles a EE. UU. e Israel \u00abel tiempo que sea necesario\u00bb"},"content":{"rendered":"<p>TEHER\u00c1N, 10 mar (Xinhua) &#8212; El ministro de Asuntos Exteriores de Ir\u00e1n, Seyed Abbas Araghchi, afirm\u00f3 que su pa\u00eds est\u00e1 plenamente preparado para continuar con ataques con misiles contra Israel y las bases estadounidenses en Medio Oriente \u00abel tiempo que sea necesario\u00bb. En una entrevista con la cadena PBS News, emitida hoy martes, Araghchi se\u00f1al\u00f3 que los ataques estadounidenses e israel\u00edes contra las instalaciones misil\u00edsticas de Ir\u00e1n no han detenido las represalias iran\u00edes, y subray\u00f3 que continuar\u00e1n \u00abel tiempo que haga falta y mientras sea necesario\u00bb. Estados Unidos e Israel carecen de un \u00abplan final realista\u00bb, afirm\u00f3, y agreg\u00f3 que \u00abacaban de empezar a atacarnos ciegamente y est\u00e1n apuntando a zonas residenciales, hospitales, escuelas e infraestructuras, lo cual es una medida muy peligrosa\u00bb. Respecto a la elecci\u00f3n del ayatol\u00e1 Mojtaba Jamenei como nuevo l\u00edder supremo de Ir\u00e1n, Araghchi indic\u00f3 que esto demostraba la continuidad de las pol\u00edticas antiestadounidenses y antiisrael\u00edes de la rep\u00fablica isl\u00e1mica, as\u00ed como la estabilidad de la naci\u00f3n. Reanudar negociaciones con Estados Unidos \u00abno es una opci\u00f3n\u00bb, se\u00f1al\u00f3, citando \u00abtodas las amargas experiencias de dialogar con los estadounidenses\u00bb y afirmando que ya no estar\u00edan en la agenda de Ir\u00e1n. Araghchi atribuy\u00f3 el aumento de los precios globales de la energ\u00eda a la ralentizaci\u00f3n o paralizaci\u00f3n de la producci\u00f3n y transporte de petr\u00f3leo regional debido a la \u00abagresi\u00f3n\u00bb de EE. UU. e Israel contra Ir\u00e1n, aclarando que Teher\u00e1n \u00abno ha cerrado el estrecho de Ormuz\u00bb, ni impide la navegaci\u00f3n a trav\u00e9s de \u00e9l. El 28 de febrero, Estados Unidos e Israel lanzaron ataques conjuntos contra Teher\u00e1n y otras ciudades iran\u00edes, matando al l\u00edder supremo de la rep\u00fablica isl\u00e1mica, el ayatol\u00e1 Ali Jamenei, comandantes militares de alto rango y civiles. Ir\u00e1n respondi\u00f3 con varias oleadas de ataques con misiles y drones contra objetivos israel\u00edes y estadounidenses en la regi\u00f3n. Las repercusiones regionales del conflicto han generado preocupaci\u00f3n por posibles interrupciones en las exportaciones de petr\u00f3leo y en los mercados energ\u00e9ticos globales, principalmente por los riesgos en el tr\u00e1nsito por el estrecho de Ormuz. Fin<\/p>\n","protected":false},"excerpt":{"rendered":"<p>TEHER\u00c1N, 10 mar (Xinhua) &#8212; El ministro de Asuntos Exteriores de Ir\u00e1n, Seyed Abbas Araghchi,&#8230;<\/p>\n","protected":false},"author":1,"featured_media":0,"comment_status":"closed","ping_status":"closed","sticky":false,"template":"","format":"standard","meta":{"footnotes":""},"categories":[2],"tags":[],"class_list":["post-23694","post","type-post","status-publish","format-standard","hentry","category-internacional"],"_links":{"self":[{"href":"https:\/\/informadorweb.com\/index.php?rest_route=\/wp\/v2\/posts\/23694","targetHints":{"allow":["GET"]}}],"collection":[{"href":"https:\/\/informadorweb.com\/index.php?rest_route=\/wp\/v2\/posts"}],"about":[{"href":"https:\/\/informadorweb.com\/index.php?rest_route=\/wp\/v2\/types\/post"}],"author":[{"embeddable":true,"href":"https:\/\/informadorweb.com\/index.php?rest_route=\/wp\/v2\/users\/1"}],"replies":[{"embeddable":true,"href":"https:\/\/informadorweb.com\/index.php?rest_route=%2Fwp%2Fv2%2Fcomments&post=23694"}],"version-history":[{"count":1,"href":"https:\/\/informadorweb.com\/index.php?rest_route=\/wp\/v2\/posts\/23694\/revisions"}],"predecessor-version":[{"id":23695,"href":"https:\/\/informadorweb.com\/index.php?rest_route=\/wp\/v2\/posts\/23694\/revisions\/23695"}],"wp:attachment":[{"href":"https:\/\/informadorweb.com\/index.php?rest_route=%2Fwp%2Fv2%2Fmedia&parent=23694"}],"wp:term":[{"taxonomy":"category","embeddable":true,"href":"https:\/\/informadorweb.com\/index.php?rest_route=%2Fwp%2Fv2%2Fcategories&post=23694"},{"taxonomy":"post_tag","embeddable":true,"href":"https:\/\/informadorweb.com\/index.php?rest_route=%2Fwp%2Fv2%2Ftags&post=23694"}],"curies":[{"name":"wp","href":"https:\/\/api.w.org\/{rel}","templated":true}]}}