{"id":23688,"date":"2026-03-11T12:51:06","date_gmt":"2026-03-11T18:51:06","guid":{"rendered":"https:\/\/informadorweb.com\/?p=23688"},"modified":"2026-03-11T18:51:07","modified_gmt":"2026-03-11T18:51:07","slug":"reubican-temporalmente-en-azerbaiyan-embajada-de-paises-bajos-en-iran","status":"publish","type":"post","link":"https:\/\/informadorweb.com\/?p=23688","title":{"rendered":"Reubican temporalmente en Azerbaiy\u00e1n embajada de Pa\u00edses Bajos en Ir\u00e1n"},"content":{"rendered":"<p>LA HAYA, 10 mar (Xinhua) &#8212; El ministro de Relaciones Exteriores de Pa\u00edses Bajos, Tom Berendson, anunci\u00f3 hoy martes que la embajada de Pa\u00edses Bajos en Teher\u00e1n, la capital de Ir\u00e1n, fue reubicada temporalmente en Bak\u00fa, Azerbaiy\u00e1n, debido al aumento de los riesgos de seguridad para el personal de la embajada. En una carta dirigida a la C\u00e1mara de Representantes, el ministro indic\u00f3 que el embajador neerland\u00e9s en Ir\u00e1n y el personal de la embajada llegaron a Bak\u00fa, donde continuar\u00e1n con su trabajo. \u00abSeguimos de cerca la evoluci\u00f3n de los acontecimientos en Ir\u00e1n. Si la situaci\u00f3n de seguridad lo permite, se decidir\u00e1 c\u00f3mo y de qu\u00e9 forma se podr\u00e1n reanudar las actividades de la embajada neerlandesa en Ir\u00e1n en Teher\u00e1n\u00bb, a\u00f1adi\u00f3 el ministro. La embajada de Pa\u00edses Bajos en Teher\u00e1n ha estado cerrada temporalmente al p\u00fablico desde marzo de 2026 y, por lo tanto, ya no puede emitir visados. Fin<\/p>\n","protected":false},"excerpt":{"rendered":"<p>LA HAYA, 10 mar (Xinhua) &#8212; El ministro de Relaciones Exteriores de Pa\u00edses Bajos, Tom&#8230;<\/p>\n","protected":false},"author":1,"featured_media":0,"comment_status":"closed","ping_status":"closed","sticky":false,"template":"","format":"standard","meta":{"footnotes":""},"categories":[2],"tags":[],"class_list":["post-23688","post","type-post","status-publish","format-standard","hentry","category-internacional"],"_links":{"self":[{"href":"https:\/\/informadorweb.com\/index.php?rest_route=\/wp\/v2\/posts\/23688","targetHints":{"allow":["GET"]}}],"collection":[{"href":"https:\/\/informadorweb.com\/index.php?rest_route=\/wp\/v2\/posts"}],"about":[{"href":"https:\/\/informadorweb.com\/index.php?rest_route=\/wp\/v2\/types\/post"}],"author":[{"embeddable":true,"href":"https:\/\/informadorweb.com\/index.php?rest_route=\/wp\/v2\/users\/1"}],"replies":[{"embeddable":true,"href":"https:\/\/informadorweb.com\/index.php?rest_route=%2Fwp%2Fv2%2Fcomments&post=23688"}],"version-history":[{"count":1,"href":"https:\/\/informadorweb.com\/index.php?rest_route=\/wp\/v2\/posts\/23688\/revisions"}],"predecessor-version":[{"id":23689,"href":"https:\/\/informadorweb.com\/index.php?rest_route=\/wp\/v2\/posts\/23688\/revisions\/23689"}],"wp:attachment":[{"href":"https:\/\/informadorweb.com\/index.php?rest_route=%2Fwp%2Fv2%2Fmedia&parent=23688"}],"wp:term":[{"taxonomy":"category","embeddable":true,"href":"https:\/\/informadorweb.com\/index.php?rest_route=%2Fwp%2Fv2%2Fcategories&post=23688"},{"taxonomy":"post_tag","embeddable":true,"href":"https:\/\/informadorweb.com\/index.php?rest_route=%2Fwp%2Fv2%2Ftags&post=23688"}],"curies":[{"name":"wp","href":"https:\/\/api.w.org\/{rel}","templated":true}]}}