{"id":23670,"date":"2026-03-11T12:44:14","date_gmt":"2026-03-11T18:44:14","guid":{"rendered":"https:\/\/informadorweb.com\/?p=23670"},"modified":"2026-03-11T18:44:15","modified_gmt":"2026-03-11T18:44:15","slug":"irak-cierra-su-espacio-aereo-por-tres-dias-mas-ante-tensiones-regionales","status":"publish","type":"post","link":"https:\/\/informadorweb.com\/?p=23670","title":{"rendered":"Irak cierra su espacio a\u00e9reo por tres d\u00edas m\u00e1s ante tensiones regionales"},"content":{"rendered":"<p>BAGDAD, 10 mar (Xinhua) &#8212; La Autoridad de Aviaci\u00f3n Civil de Irak anunci\u00f3 hoy una extensi\u00f3n de 72 horas del cierre del espacio a\u00e9reo del pa\u00eds en medio de las tensiones regionales. En un comunicado, la autoridad indic\u00f3 que la extensi\u00f3n, vigente desde las 12:00 hora local (09:00 GMT) de este martes hasta las 12:00 hora local (09:00 GMT) del viernes, aplica a todos los vuelos que lleguen, salgan o transiten por Irak. La suspensi\u00f3n es una \u00abmedida preventiva temporal\u00bb basada en una evaluaci\u00f3n continua de seguridad, y la situaci\u00f3n ser\u00e1 revisada en funci\u00f3n de cualquier actualizaci\u00f3n, a\u00f1adi\u00f3. La decisi\u00f3n se produce tras el aumento de tensiones luego de los ataques conjuntos de Estados Unidos e Israel contra Ir\u00e1n a partir del 28 de febrero, a los que Teher\u00e1n respondi\u00f3 con ataques con misiles y drones contra Israel y activos estadounidenses en Medio Oriente. Fin<\/p>\n","protected":false},"excerpt":{"rendered":"<p>BAGDAD, 10 mar (Xinhua) &#8212; La Autoridad de Aviaci\u00f3n Civil de Irak anunci\u00f3 hoy una&#8230;<\/p>\n","protected":false},"author":1,"featured_media":0,"comment_status":"closed","ping_status":"closed","sticky":false,"template":"","format":"standard","meta":{"footnotes":""},"categories":[2],"tags":[],"class_list":["post-23670","post","type-post","status-publish","format-standard","hentry","category-internacional"],"_links":{"self":[{"href":"https:\/\/informadorweb.com\/index.php?rest_route=\/wp\/v2\/posts\/23670","targetHints":{"allow":["GET"]}}],"collection":[{"href":"https:\/\/informadorweb.com\/index.php?rest_route=\/wp\/v2\/posts"}],"about":[{"href":"https:\/\/informadorweb.com\/index.php?rest_route=\/wp\/v2\/types\/post"}],"author":[{"embeddable":true,"href":"https:\/\/informadorweb.com\/index.php?rest_route=\/wp\/v2\/users\/1"}],"replies":[{"embeddable":true,"href":"https:\/\/informadorweb.com\/index.php?rest_route=%2Fwp%2Fv2%2Fcomments&post=23670"}],"version-history":[{"count":1,"href":"https:\/\/informadorweb.com\/index.php?rest_route=\/wp\/v2\/posts\/23670\/revisions"}],"predecessor-version":[{"id":23671,"href":"https:\/\/informadorweb.com\/index.php?rest_route=\/wp\/v2\/posts\/23670\/revisions\/23671"}],"wp:attachment":[{"href":"https:\/\/informadorweb.com\/index.php?rest_route=%2Fwp%2Fv2%2Fmedia&parent=23670"}],"wp:term":[{"taxonomy":"category","embeddable":true,"href":"https:\/\/informadorweb.com\/index.php?rest_route=%2Fwp%2Fv2%2Fcategories&post=23670"},{"taxonomy":"post_tag","embeddable":true,"href":"https:\/\/informadorweb.com\/index.php?rest_route=%2Fwp%2Fv2%2Ftags&post=23670"}],"curies":[{"name":"wp","href":"https:\/\/api.w.org\/{rel}","templated":true}]}}