{"id":23635,"date":"2026-03-11T10:44:28","date_gmt":"2026-03-11T16:44:28","guid":{"rendered":"https:\/\/informadorweb.com\/?p=23635"},"modified":"2026-03-11T16:44:31","modified_gmt":"2026-03-11T16:44:31","slug":"cebrando-el-dia-internacional-de-la-mujer-en-todo-el-mundo","status":"publish","type":"post","link":"https:\/\/informadorweb.com\/?p=23635","title":{"rendered":"Cebrando el D\u00eda Internacional de la Mujer en todo el Mundo"},"content":{"rendered":"<figure id=\"attachment_1555978\" aria-describedby=\"caption-attachment-1555978\" style=\"width: 300px\" class=\"wp-caption alignnone\"><img loading=\"lazy\" decoding=\"async\" class=\"size-full wp-image-1555978\" src=\"https:\/\/informadorweb.com\/wp-content\/uploads\/2026\/03\/image-1210.jpg\" alt=\"\" width=\"300\" height=\"200\" \/><figcaption id=\"caption-attachment-1555978\" class=\"wp-caption-text\">(260308) &#8212; SAN SALVADOR, 8 marzo, 2026 (Xinhua) &#8212; Una mujer sostiene un cartel durante una marcha en el marco de la conmemoraci\u00f3n del D\u00eda Internacional de la Mujer, en el departamento de San Salvador, capital de El Salvador, el 8 de marzo de 2026. (Xinhua\/Alexander Pe\u00f1a) (ap) (ah) (rtg) (da)<\/figcaption><\/figure>\n<figure id=\"attachment_1555974\" aria-describedby=\"caption-attachment-1555974\" style=\"width: 300px\" class=\"wp-caption alignnone\"><img loading=\"lazy\" decoding=\"async\" class=\"size-medium wp-image-1555974\" src=\"https:\/\/informadorweb.com\/wp-content\/uploads\/2026\/03\/image-1209.jpg\" alt=\"\" width=\"300\" height=\"200\" \/><figcaption id=\"caption-attachment-1555974\" class=\"wp-caption-text\">(260308) &#8212; SANTIAGO, 8 marzo, 2026 (Xinhua) &#8212; Una mujer grita consignas durante una marcha en el marco de la conmemoraci\u00f3n del D\u00eda Internacional de la Mujer, en Santiago, capital de Chile, el 8 de marzo de 2026. (Xinhua\/Jorge Villegas) (jv) (ah) (da)<\/figcaption><\/figure>\n<figure id=\"attachment_1555970\" aria-describedby=\"caption-attachment-1555970\" style=\"width: 300px\" class=\"wp-caption alignnone\"><img loading=\"lazy\" decoding=\"async\" class=\"size-medium wp-image-1555970\" src=\"https:\/\/informadorweb.com\/wp-content\/uploads\/2026\/03\/image-1208.jpg\" alt=\"\" width=\"300\" height=\"200\" \/><figcaption id=\"caption-attachment-1555970\" class=\"wp-caption-text\">(260308) &#8212; SAN SALVADOR, 8 marzo, 2026 (Xinhua) &#8212; Una mujer sostiene un cartel durante una marcha en el marco de la conmemoraci\u00f3n del D\u00eda Internacional de la Mujer, en el departamento de San Salvador, capital de El Salvador, el 8 de marzo de 2026. (Xinhua\/Alexander Pe\u00f1a) (ap) (ah) (rtg) (da)<\/figcaption><\/figure>\n<figure id=\"attachment_1555962\" aria-describedby=\"caption-attachment-1555962\" style=\"width: 300px\" class=\"wp-caption alignnone\"><img loading=\"lazy\" decoding=\"async\" class=\"size-full wp-image-1555962\" src=\"https:\/\/informadorweb.com\/wp-content\/uploads\/2026\/03\/image-1206.jpg\" alt=\"\" width=\"300\" height=\"200\" \/><figcaption id=\"caption-attachment-1555962\" class=\"wp-caption-text\">(260308) &#8212; SAN SALVADOR, 8 marzo, 2026 (Xinhua) &#8212; Mujeres sostienen una manta durante una marcha en el marco de la conmemoraci\u00f3n del D\u00eda Internacional de la Mujer, en el departamento de San Salvador, capital de El Salvador, el 8 de marzo de 2026. (Xinhua\/Alexander Pe\u00f1a) (ap) (ah) (rtg) (da)<\/figcaption><\/figure>\n<figure id=\"attachment_1555946\" aria-describedby=\"caption-attachment-1555946\" style=\"width: 300px\" class=\"wp-caption alignnone\"><img loading=\"lazy\" decoding=\"async\" class=\"size-full wp-image-1555946\" src=\"https:\/\/informadorweb.com\/wp-content\/uploads\/2026\/03\/image-1202.jpg\" alt=\"\" width=\"300\" height=\"200\" \/><figcaption id=\"caption-attachment-1555946\" class=\"wp-caption-text\">(260308) &#8212; SANTIAGO, 8 marzo, 2026 (Xinhua) &#8212; Mujeres sostienen bengalas durante una marcha en el marco de la conmemoraci\u00f3n del D\u00eda Internacional de la Mujer, en Santiago, capital de Chile, el 8 de marzo de 2026. (Xinhua\/Jorge Villegas) (jv) (ah) (da)<\/figcaption><\/figure>\n<figure id=\"attachment_1555942\" aria-describedby=\"caption-attachment-1555942\" style=\"width: 300px\" class=\"wp-caption alignnone\"><img loading=\"lazy\" decoding=\"async\" class=\"size-full wp-image-1555942\" src=\"https:\/\/informadorweb.com\/wp-content\/uploads\/2026\/03\/image-1201.jpg\" alt=\"\" width=\"300\" height=\"200\" \/><figcaption id=\"caption-attachment-1555942\" class=\"wp-caption-text\">(260308) &#8212; SANTIAGO, 8 marzo, 2026 (Xinhua) &#8212; Mujeres participan en una marcha en el marco de la conmemoraci\u00f3n del D\u00eda Internacional de la Mujer, en Santiago, capital de Chile, el 8 de marzo de 2026. (Xinhua\/Jorge Villegas) (jv) (ah) (da)<\/figcaption><\/figure>\n<figure id=\"attachment_1555934\" aria-describedby=\"caption-attachment-1555934\" style=\"width: 300px\" class=\"wp-caption alignnone\"><img loading=\"lazy\" decoding=\"async\" class=\"size-full wp-image-1555934\" src=\"https:\/\/informadorweb.com\/wp-content\/uploads\/2026\/03\/image-1199.jpg\" alt=\"\" width=\"300\" height=\"200\" \/><figcaption id=\"caption-attachment-1555934\" class=\"wp-caption-text\">(260308) &#8212; VIENTIAN, 8 marzo, 2026 (Xinhua) &#8212; Imagen del 7 de marzo de 2026 de una vendedora de flores trabajando en un mercado, en Vienti\u00e1n, Laos. El domingo se conmemora el D\u00eda Internacional de la Mujer. (Xinhua\/Kaikeo Saiyasane) (rtg) (ah)<\/figcaption><\/figure>\n<figure id=\"attachment_1555873\" aria-describedby=\"caption-attachment-1555873\" style=\"width: 300px\" class=\"wp-caption alignnone\"><img loading=\"lazy\" decoding=\"async\" class=\"size-full wp-image-1555873\" src=\"https:\/\/informadorweb.com\/wp-content\/uploads\/2026\/03\/image-1183.jpg\" alt=\"\" width=\"300\" height=\"200\" \/><figcaption id=\"caption-attachment-1555873\" class=\"wp-caption-text\">(260308) &#8212; QUITO, 8 marzo, 2026 (Xinhua) &#8212; Una mujer sostiene un cartel sobre una pared durante una marcha con motivo del D\u00eda Internacional de la Mujer, en el Centro Hist\u00f3rico de la ciudad de Quito, capital de Ecuador, el 8 de marzo de 2026. (Xinhua\/Ricardo Landeta) (rl) (rtg) (da)<\/figcaption><\/figure>\n<figure id=\"attachment_1555574\" aria-describedby=\"caption-attachment-1555574\" style=\"width: 300px\" class=\"wp-caption alignnone\"><img loading=\"lazy\" decoding=\"async\" class=\"size-full wp-image-1555574\" src=\"https:\/\/informadorweb.com\/wp-content\/uploads\/2026\/03\/image-1108.jpg\" alt=\"\" width=\"300\" height=\"200\" \/><figcaption id=\"caption-attachment-1555574\" class=\"wp-caption-text\">(260308) &#8212; BAKU, 8 marzo, 2026 (Xinhua) &#8212; Imagen del 7 de marzo de 2026 de una mujer caminando con flores, en Bak\u00fa, Azerbaiy\u00e1n. El domingo se conmemora el D\u00eda Internacional de la Mujer. (Xinhua\/Chen Junfeng) (da) (ah)<\/figcaption><\/figure>\n<figure id=\"attachment_1555877\" aria-describedby=\"caption-attachment-1555877\" style=\"width: 300px\" class=\"wp-caption alignnone\"><img loading=\"lazy\" decoding=\"async\" class=\"size-full wp-image-1555877\" src=\"https:\/\/informadorweb.com\/wp-content\/uploads\/2026\/03\/image-1184.jpg\" alt=\"\" width=\"300\" height=\"200\" \/><figcaption id=\"caption-attachment-1555877\" class=\"wp-caption-text\">(260308) &#8212; QUITO, 8 marzo, 2026 (Xinhua) &#8212; Mujeres asisten a una marcha con motivo del D\u00eda Internacional de la Mujer, en el Centro Hist\u00f3rico de la ciudad de Quito, capital de Ecuador, el 8 de marzo de 2026. (Xinhua\/Ricardo Landeta) (rl) (rtg) (da)<\/figcaption><\/figure>\n<figure id=\"attachment_1555646\" aria-describedby=\"caption-attachment-1555646\" style=\"width: 300px\" class=\"wp-caption alignnone\"><img loading=\"lazy\" decoding=\"async\" class=\"size-full wp-image-1555646\" src=\"https:\/\/informadorweb.com\/wp-content\/uploads\/2026\/03\/image-1126.jpg\" alt=\"\" width=\"300\" height=\"200\" \/><figcaption id=\"caption-attachment-1555646\" class=\"wp-caption-text\">(260308) &#8212; BEIJING, 8 marzo, 2026 (Xinhua) &#8212; Ni\u00f1os y sus madres asisten a un juego de deportes divertidos en un jard\u00edn de ni\u00f1os, en la ciudad de Lianyungang, en la provincia de Jiangsu, en el este de China, el 8 de marzo de 2026. Diversos eventos se llevaron a cabo en China el domingo para conmemorar el D\u00eda Internacional de la Mujer. (Xinhua\/Wang Chun) (rtg) (da)<\/figcaption><\/figure>\n<figure id=\"attachment_1555634\" aria-describedby=\"caption-attachment-1555634\" style=\"width: 300px\" class=\"wp-caption alignnone\"><img loading=\"lazy\" decoding=\"async\" class=\"size-full wp-image-1555634\" src=\"https:\/\/informadorweb.com\/wp-content\/uploads\/2026\/03\/image-1123.jpg\" alt=\"\" width=\"300\" height=\"195\" \/><figcaption id=\"caption-attachment-1555634\" class=\"wp-caption-text\">(260308) &#8212; BEIJING, 8 marzo, 2026 (Xinhua) &#8212; Empleadas asisten a una actividad de arreglo de flores en una escuela primaria, en la ciudad de Yangzhou, en la provincia de Jiangsu, en el este de China, el 8 de marzo de 2026. Diversos eventos se llevaron a cabo en China el domingo para conmemorar el D\u00eda Internacional de la Mujer. (Xinhua\/Zhong Xueman) (rtg) (da)<\/figcaption><\/figure>\n<figure id=\"attachment_1555630\" aria-describedby=\"caption-attachment-1555630\" style=\"width: 300px\" class=\"wp-caption alignnone\"><img loading=\"lazy\" decoding=\"async\" class=\"size-full wp-image-1555630\" src=\"https:\/\/informadorweb.com\/wp-content\/uploads\/2026\/03\/image-1122.jpg\" alt=\"\" width=\"300\" height=\"200\" \/><figcaption id=\"caption-attachment-1555630\" class=\"wp-caption-text\">(260308) &#8212; BEIJING, 8 marzo, 2026 (Xinhua) &#8212; Maestras asisten a una actividad de arreglo de flores en un jard\u00edn de ni\u00f1os, en la ciudad de Yangzhou, en la provincia de Jiangsu, en el este de China, el 8 de marzo de 2026. Diversos eventos se llevaron a cabo en China el domingo para conmemorar el D\u00eda Internacional de la Mujer. (Xinhua\/Ren Fei) (rtg) (da)<\/figcaption><\/figure>\n<figure id=\"attachment_1555638\" aria-describedby=\"caption-attachment-1555638\" style=\"width: 300px\" class=\"wp-caption alignnone\"><img loading=\"lazy\" decoding=\"async\" class=\"size-full wp-image-1555638\" src=\"https:\/\/informadorweb.com\/wp-content\/uploads\/2026\/03\/image-1124.jpg\" alt=\"\" width=\"300\" height=\"225\" \/><figcaption id=\"caption-attachment-1555638\" class=\"wp-caption-text\">(260308) &#8212; BEIJING, 8 marzo, 2026 (Xinhua) &#8212; Mujeres participan en una competencia en un evento de deportes divertidos, en la ciudad de Xinghua, en la provincia de Jiangsu, en el este de China, el 8 de marzo de 2026. Diversos eventos se llevaron a cabo en China el domingo para conmemorar el D\u00eda Internacional de la Mujer. (Xinhua\/Zhou Shegen) (rtg) (da)<\/figcaption><\/figure>\n<figure id=\"attachment_1556515\" aria-describedby=\"caption-attachment-1556515\" style=\"width: 300px\" class=\"wp-caption alignnone\"><img loading=\"lazy\" decoding=\"async\" class=\"size-full wp-image-1556515\" src=\"https:\/\/informadorweb.com\/wp-content\/uploads\/2026\/03\/image-1273.jpg\" alt=\"\" width=\"300\" height=\"204\" \/><figcaption id=\"caption-attachment-1556515\" class=\"wp-caption-text\">(260309) &#8212; CIUDAD DE MEXICO, 9 marzo, 2026 (Xinhua) &#8212; Imagen del 8 de marzo de 2026 de una mujer sosteniendo una pancarta durante una marcha en el marco de la conmemoraci\u00f3n del D\u00eda Internacional de la Mujer, en la Ciudad de M\u00e9xico, capital de M\u00e9xico. (Xinhua\/Carolina Endara) (ce) (ah) (vf)<\/figcaption><\/figure>\n<figure id=\"attachment_1556507\" aria-describedby=\"caption-attachment-1556507\" style=\"width: 300px\" class=\"wp-caption alignnone\"><img loading=\"lazy\" decoding=\"async\" class=\"size-full wp-image-1556507\" src=\"https:\/\/informadorweb.com\/wp-content\/uploads\/2026\/03\/image-1271.jpg\" alt=\"\" width=\"300\" height=\"204\" \/><figcaption id=\"caption-attachment-1556507\" class=\"wp-caption-text\">(260309) &#8212; CIUDAD DE MEXICO, 9 marzo, 2026 (Xinhua) &#8212; Imagen del 8 de marzo de 2026 de una ni\u00f1a sosteniendo una pancarta durante una marcha en el marco de la conmemoraci\u00f3n del D\u00eda Internacional de la Mujer, en la Ciudad de M\u00e9xico, capital de M\u00e9xico. (Xinhua\/Carolina Endara) (ce) (ah) (vf)<\/figcaption><\/figure>\n<figure id=\"attachment_1556544\" aria-describedby=\"caption-attachment-1556544\" style=\"width: 300px\" class=\"wp-caption alignnone\"><img loading=\"lazy\" decoding=\"async\" class=\"size-full wp-image-1556544\" src=\"https:\/\/informadorweb.com\/wp-content\/uploads\/2026\/03\/image-1281.jpg\" alt=\"\" width=\"300\" height=\"200\" \/><figcaption id=\"caption-attachment-1556544\" class=\"wp-caption-text\">(260309) &#8212; BUEA, 9 marzo, 2026 (Xinhua) &#8212; Imagen del 8 de marzo de 2026 de mujeres participando en un desfile para conmemorar el D\u00eda Internacional de la Mujer, en Buea, Camer\u00fan. (Xinhua\/Muleng Timngum) (rtg) (ah) (ce)<\/figcaption><\/figure>\n<figure id=\"attachment_1556539\" aria-describedby=\"caption-attachment-1556539\" style=\"width: 300px\" class=\"wp-caption alignnone\"><img loading=\"lazy\" decoding=\"async\" class=\"size-full wp-image-1556539\" src=\"https:\/\/informadorweb.com\/wp-content\/uploads\/2026\/03\/image-1279.jpg\" alt=\"\" width=\"300\" height=\"200\" \/><figcaption id=\"caption-attachment-1556539\" class=\"wp-caption-text\">(260309) &#8212; BUEA, 9 marzo, 2026 (Xinhua) &#8212; Imagen del 8 de marzo de 2026 de mujeres participando en un desfile para conmemorar el D\u00eda Internacional de la Mujer, en Buea, Camer\u00fan. (Xinhua\/Muleng Timngum) (rtg) (ah) (ce)<\/figcaption><\/figure>\n","protected":false},"excerpt":{"rendered":"","protected":false},"author":1,"featured_media":23637,"comment_status":"closed","ping_status":"closed","sticky":false,"template":"","format":"standard","meta":{"footnotes":""},"categories":[2],"tags":[],"class_list":["post-23635","post","type-post","status-publish","format-standard","has-post-thumbnail","hentry","category-internacional"],"_links":{"self":[{"href":"https:\/\/informadorweb.com\/index.php?rest_route=\/wp\/v2\/posts\/23635","targetHints":{"allow":["GET"]}}],"collection":[{"href":"https:\/\/informadorweb.com\/index.php?rest_route=\/wp\/v2\/posts"}],"about":[{"href":"https:\/\/informadorweb.com\/index.php?rest_route=\/wp\/v2\/types\/post"}],"author":[{"embeddable":true,"href":"https:\/\/informadorweb.com\/index.php?rest_route=\/wp\/v2\/users\/1"}],"replies":[{"embeddable":true,"href":"https:\/\/informadorweb.com\/index.php?rest_route=%2Fwp%2Fv2%2Fcomments&post=23635"}],"version-history":[{"count":1,"href":"https:\/\/informadorweb.com\/index.php?rest_route=\/wp\/v2\/posts\/23635\/revisions"}],"predecessor-version":[{"id":23636,"href":"https:\/\/informadorweb.com\/index.php?rest_route=\/wp\/v2\/posts\/23635\/revisions\/23636"}],"wp:featuredmedia":[{"embeddable":true,"href":"https:\/\/informadorweb.com\/index.php?rest_route=\/wp\/v2\/media\/23637"}],"wp:attachment":[{"href":"https:\/\/informadorweb.com\/index.php?rest_route=%2Fwp%2Fv2%2Fmedia&parent=23635"}],"wp:term":[{"taxonomy":"category","embeddable":true,"href":"https:\/\/informadorweb.com\/index.php?rest_route=%2Fwp%2Fv2%2Fcategories&post=23635"},{"taxonomy":"post_tag","embeddable":true,"href":"https:\/\/informadorweb.com\/index.php?rest_route=%2Fwp%2Fv2%2Ftags&post=23635"}],"curies":[{"name":"wp","href":"https:\/\/api.w.org\/{rel}","templated":true}]}}