{"id":23312,"date":"2026-03-10T13:52:25","date_gmt":"2026-03-10T19:52:25","guid":{"rendered":"https:\/\/informadorweb.com\/?p=23312"},"modified":"2026-03-10T19:52:27","modified_gmt":"2026-03-10T19:52:27","slug":"flash-canciller-irani-afirma-que-negociaciones-con-ee-uu-ya-no-estan-en-la-agenda-segun-medios","status":"publish","type":"post","link":"https:\/\/informadorweb.com\/?p=23312","title":{"rendered":"Flash: Canciller iran\u00ed afirma que negociaciones con EE. UU. ya no est\u00e1n en la agenda, seg\u00fan medios"},"content":{"rendered":"<div class=\"el-scrollbar__wrap\">\n<div class=\"el-scrollbar__view\">\n<div class=\"news-content\" data-v-e79c3ee4=\"\">Flash: Canciller iran\u00ed afirma que negociaciones con EE. UU. ya no est\u00e1n en la agenda, seg\u00fan medios<\/div>\n<\/div>\n<\/div>\n<div class=\"el-scrollbar__bar is-horizontal\"><\/div>\n","protected":false},"excerpt":{"rendered":"<p>Flash: Canciller iran\u00ed afirma que negociaciones con EE. UU. ya no est\u00e1n en la agenda,&#8230;<\/p>\n","protected":false},"author":1,"featured_media":0,"comment_status":"closed","ping_status":"closed","sticky":false,"template":"","format":"standard","meta":{"footnotes":""},"categories":[2],"tags":[],"class_list":["post-23312","post","type-post","status-publish","format-standard","hentry","category-internacional"],"_links":{"self":[{"href":"https:\/\/informadorweb.com\/index.php?rest_route=\/wp\/v2\/posts\/23312","targetHints":{"allow":["GET"]}}],"collection":[{"href":"https:\/\/informadorweb.com\/index.php?rest_route=\/wp\/v2\/posts"}],"about":[{"href":"https:\/\/informadorweb.com\/index.php?rest_route=\/wp\/v2\/types\/post"}],"author":[{"embeddable":true,"href":"https:\/\/informadorweb.com\/index.php?rest_route=\/wp\/v2\/users\/1"}],"replies":[{"embeddable":true,"href":"https:\/\/informadorweb.com\/index.php?rest_route=%2Fwp%2Fv2%2Fcomments&post=23312"}],"version-history":[{"count":1,"href":"https:\/\/informadorweb.com\/index.php?rest_route=\/wp\/v2\/posts\/23312\/revisions"}],"predecessor-version":[{"id":23313,"href":"https:\/\/informadorweb.com\/index.php?rest_route=\/wp\/v2\/posts\/23312\/revisions\/23313"}],"wp:attachment":[{"href":"https:\/\/informadorweb.com\/index.php?rest_route=%2Fwp%2Fv2%2Fmedia&parent=23312"}],"wp:term":[{"taxonomy":"category","embeddable":true,"href":"https:\/\/informadorweb.com\/index.php?rest_route=%2Fwp%2Fv2%2Fcategories&post=23312"},{"taxonomy":"post_tag","embeddable":true,"href":"https:\/\/informadorweb.com\/index.php?rest_route=%2Fwp%2Fv2%2Ftags&post=23312"}],"curies":[{"name":"wp","href":"https:\/\/api.w.org\/{rel}","templated":true}]}}