{"id":23306,"date":"2026-03-10T13:50:30","date_gmt":"2026-03-10T19:50:30","guid":{"rendered":"https:\/\/informadorweb.com\/?p=23306"},"modified":"2026-03-10T19:50:32","modified_gmt":"2026-03-10T19:50:32","slug":"senador-colombiano-ivan-cepeda-anuncia-a-lideresa-indigena-aida-quilcue-como-formula-vicepresidencial","status":"publish","type":"post","link":"https:\/\/informadorweb.com\/?p=23306","title":{"rendered":"Senador colombiano Iv\u00e1n Cepeda anuncia a lideresa ind\u00edgena A\u00edda Quilcu\u00e9 como f\u00f3rmula vicepresidencial"},"content":{"rendered":"<p>BOGOT\u00c1, 9 mar (Xinhua) &#8212; El senador colombiano Iv\u00e1n Cepeda, candidato presidencial del oficialista Pacto Hist\u00f3rico (izquierda), anunci\u00f3 este lunes que la senadora y lideresa social ind\u00edgena A\u00edda Quilcu\u00e9 ser\u00e1 su f\u00f3rmula vicepresidencial en las elecciones que se llevar\u00e1n a cabo el pr\u00f3ximo 31 de mayo. Cepeda, el candidato con m\u00e1s intenci\u00f3n de voto seg\u00fan recientes encuestas hechas por medios locales en Colombia, resalt\u00f3 a trav\u00e9s de un video en X la importancia de que Quilcu\u00e9 sea miembro del Consejo Regional Ind\u00edgena del Cauca (CRIC). \u00abPara m\u00ed es materia de una gran complacencia y me siento honrado de anunciar al pa\u00eds esta decisi\u00f3n, puesto que el CRIC y A\u00edda representan lo mejor de las decisiones de la resistencia, la lucha social, la construcci\u00f3n de un pa\u00eds justo y democr\u00e1tico\u00bb, expres\u00f3. Cepeda asegur\u00f3 que caminar hacia la Presidencia de Colombia junto a una lideresa ind\u00edgena es enriquecedor por su sabidur\u00eda y su gran nacionalidad. \u00abEn un pa\u00eds que requiere justicia, no solamente justicia social, sino tambi\u00e9n el reconocimiento de nuestra diversidad\u00bb, concluy\u00f3. A\u00edda Quilcu\u00e9, de 53 a\u00f1os, fue elegida senadora en 2022 dentro de la coalici\u00f3n del Pacto Hist\u00f3rico, y es reconocida por su liderazgo en la defensa del territorio ind\u00edgena y los derechos de la comunidad en el marco del conflicto armado colombiano as\u00ed como del cumplimiento de acuerdos hechos con el Estado. El pasado 10 de febrero Quilcu\u00e9 fue secuestrada cuando transitaba por una v\u00eda del departamento del Cauca y fue rescatada horas despu\u00e9s por la Guardia Ind\u00edgena seg\u00fan lo inform\u00f3 el ministro de Defensa, Pedro S\u00e1nchez. Fin<\/p>\n","protected":false},"excerpt":{"rendered":"<p>BOGOT\u00c1, 9 mar (Xinhua) &#8212; El senador colombiano Iv\u00e1n Cepeda, candidato presidencial del oficialista Pacto&#8230;<\/p>\n","protected":false},"author":1,"featured_media":0,"comment_status":"closed","ping_status":"closed","sticky":false,"template":"","format":"standard","meta":{"footnotes":""},"categories":[2],"tags":[],"class_list":["post-23306","post","type-post","status-publish","format-standard","hentry","category-internacional"],"_links":{"self":[{"href":"https:\/\/informadorweb.com\/index.php?rest_route=\/wp\/v2\/posts\/23306","targetHints":{"allow":["GET"]}}],"collection":[{"href":"https:\/\/informadorweb.com\/index.php?rest_route=\/wp\/v2\/posts"}],"about":[{"href":"https:\/\/informadorweb.com\/index.php?rest_route=\/wp\/v2\/types\/post"}],"author":[{"embeddable":true,"href":"https:\/\/informadorweb.com\/index.php?rest_route=\/wp\/v2\/users\/1"}],"replies":[{"embeddable":true,"href":"https:\/\/informadorweb.com\/index.php?rest_route=%2Fwp%2Fv2%2Fcomments&post=23306"}],"version-history":[{"count":1,"href":"https:\/\/informadorweb.com\/index.php?rest_route=\/wp\/v2\/posts\/23306\/revisions"}],"predecessor-version":[{"id":23307,"href":"https:\/\/informadorweb.com\/index.php?rest_route=\/wp\/v2\/posts\/23306\/revisions\/23307"}],"wp:attachment":[{"href":"https:\/\/informadorweb.com\/index.php?rest_route=%2Fwp%2Fv2%2Fmedia&parent=23306"}],"wp:term":[{"taxonomy":"category","embeddable":true,"href":"https:\/\/informadorweb.com\/index.php?rest_route=%2Fwp%2Fv2%2Fcategories&post=23306"},{"taxonomy":"post_tag","embeddable":true,"href":"https:\/\/informadorweb.com\/index.php?rest_route=%2Fwp%2Fv2%2Ftags&post=23306"}],"curies":[{"name":"wp","href":"https:\/\/api.w.org\/{rel}","templated":true}]}}