{"id":23300,"date":"2026-03-10T13:49:22","date_gmt":"2026-03-10T19:49:22","guid":{"rendered":"https:\/\/informadorweb.com\/?p=23300"},"modified":"2026-03-10T19:49:24","modified_gmt":"2026-03-10T19:49:24","slug":"presidente-colombiano-advierte-que-escudo-de-las-americas-reune-a-paises-sin-experiencia-en-lucha-antidrogas","status":"publish","type":"post","link":"https:\/\/informadorweb.com\/?p=23300","title":{"rendered":"Presidente colombiano advierte que \u00abEscudo de las Am\u00e9ricas\u00bb re\u00fane a pa\u00edses sin experiencia en lucha antidrogas"},"content":{"rendered":"<p>BOGOT\u00c1, 9 mar (Xinhua) &#8212; El presidente colombiano, Gustavo Petro, advirti\u00f3 este lunes que la reciente cumbre \u00abEscudo de las Am\u00e9ricas\u00bb enfocada en la lucha contra el narcotr\u00e1fico en Latinoam\u00e9rica y convocada por Estados Unidos, reuni\u00f3 a pa\u00edses latinoamericanos sin experiencia en la lucha antidrogas. \u00abSon pa\u00edses que no tienen la capacidad por la falta de experiencia y otras razones, de combatir el narcotr\u00e1fico. Colombia tiene la mayor de las experiencias y ha construido una coordinaci\u00f3n policial con 75 Polic\u00edas del mundo, incluido los EE. UU.\u00bb, se\u00f1al\u00f3 en su cuenta de X. El mandatario, quien no fue invitado a la reuni\u00f3n, subray\u00f3 que la lucha contra el narcotr\u00e1fico no puede ser exitosa sin la participaci\u00f3n de los pa\u00edses mejor capacitados para esa tarea. \u00abEl narcotr\u00e1fico de coca\u00edna se combate adem\u00e1s de prevenir la demanda, con la unidad de todos los pa\u00edses del mundo, no importan las diferencias pol\u00edticas o religiosas\u00bb, afirm\u00f3. Adem\u00e1s, se\u00f1al\u00f3 que para perseguir los capitales de los verdaderos narcotraficantes que se encuentran en diferentes partes del mundo es necesario cambiar la negociaci\u00f3n judicial en Estados Unidos. La cumbre \u00abEscudo de las Am\u00e9ricas\u00bb tuvo lugar el pasado fin de semana en Doral, Florida, a donde acudieron los presidentes y representantes de Argentina, El Salvador, Ecuador, Panam\u00e1, Rep\u00fablica Dominicana, Costa Rica, Paraguay, Bolivia, Chile, Honduras y Trinidad y Tobago. Durante el encuentro el presidente estadounidense, Donald Trump, propuso una coalici\u00f3n militar para erradicar los carteles de la droga y los grupos terroristas en el hemisferio occidental a trav\u00e9s de la coordinaci\u00f3n entre EE. UU. y sus aliados en la regi\u00f3n. Los grandes ausentes a esta cumbre regional fueron los presidentes de Colombia, Gustavo Petro, de Brasil, Luiz In\u00e1cio Lula da Silva, y de M\u00e9xico, Claudia Sheinbaum, precisamente los pa\u00edses con m\u00e1s experiencia en la lucha contra los carteles de narcotr\u00e1fico. Fin<\/p>\n","protected":false},"excerpt":{"rendered":"<p>BOGOT\u00c1, 9 mar (Xinhua) &#8212; El presidente colombiano, Gustavo Petro, advirti\u00f3 este lunes que la&#8230;<\/p>\n","protected":false},"author":1,"featured_media":0,"comment_status":"closed","ping_status":"closed","sticky":false,"template":"","format":"standard","meta":{"footnotes":""},"categories":[2],"tags":[],"class_list":["post-23300","post","type-post","status-publish","format-standard","hentry","category-internacional"],"_links":{"self":[{"href":"https:\/\/informadorweb.com\/index.php?rest_route=\/wp\/v2\/posts\/23300","targetHints":{"allow":["GET"]}}],"collection":[{"href":"https:\/\/informadorweb.com\/index.php?rest_route=\/wp\/v2\/posts"}],"about":[{"href":"https:\/\/informadorweb.com\/index.php?rest_route=\/wp\/v2\/types\/post"}],"author":[{"embeddable":true,"href":"https:\/\/informadorweb.com\/index.php?rest_route=\/wp\/v2\/users\/1"}],"replies":[{"embeddable":true,"href":"https:\/\/informadorweb.com\/index.php?rest_route=%2Fwp%2Fv2%2Fcomments&post=23300"}],"version-history":[{"count":1,"href":"https:\/\/informadorweb.com\/index.php?rest_route=\/wp\/v2\/posts\/23300\/revisions"}],"predecessor-version":[{"id":23301,"href":"https:\/\/informadorweb.com\/index.php?rest_route=\/wp\/v2\/posts\/23300\/revisions\/23301"}],"wp:attachment":[{"href":"https:\/\/informadorweb.com\/index.php?rest_route=%2Fwp%2Fv2%2Fmedia&parent=23300"}],"wp:term":[{"taxonomy":"category","embeddable":true,"href":"https:\/\/informadorweb.com\/index.php?rest_route=%2Fwp%2Fv2%2Fcategories&post=23300"},{"taxonomy":"post_tag","embeddable":true,"href":"https:\/\/informadorweb.com\/index.php?rest_route=%2Fwp%2Fv2%2Ftags&post=23300"}],"curies":[{"name":"wp","href":"https:\/\/api.w.org\/{rel}","templated":true}]}}