{"id":23298,"date":"2026-03-10T13:48:58","date_gmt":"2026-03-10T19:48:58","guid":{"rendered":"https:\/\/informadorweb.com\/?p=23298"},"modified":"2026-03-10T19:48:59","modified_gmt":"2026-03-10T19:48:59","slug":"presidente-turco-erdogan-dice-que-no-hay-ninguna-excusa-para-violar-espacio-aereo-de-turquia","status":"publish","type":"post","link":"https:\/\/informadorweb.com\/?p=23298","title":{"rendered":"Presidente turco Erdogan dice que no hay ninguna excusa para violar espacio a\u00e9reo de Turqu\u00eda"},"content":{"rendered":"<p>ANKARA, 10 mar (Xinhua) &#8212; El presidente turco, Recep Tayyip Erdogan, dijo el lunes a su hom\u00f3logo iran\u00ed, Masoud Pezeshkian, que cualquier violaci\u00f3n del espacio a\u00e9reo turco \u00abno puede ser excusada\u00bb. Erdogan hizo las declaraciones durante una llamada telef\u00f3nica solicitada por la parte iran\u00ed. Anteriormente, tambi\u00e9n el lunes, el Ministerio de Defensa de Turqu\u00eda inform\u00f3 que un misil bal\u00edstico lanzado desde Ir\u00e1n fue interceptado con \u00e9xito sobre la provincia turca de Gaziantep (sureste), por activos de la OTAN y defensas bal\u00edsticas desplegadas en el Mediterr\u00e1neo oriental, sin v\u00edctimas registradas. Turqu\u00eda \u00abest\u00e1 vi\u00e9ndose afectada negativamente por conflictos en los que no participa\u00bb, declar\u00f3 Erdogan, a\u00f1adiendo que \u00abseguir\u00e1 adoptando todas las medidas necesarias en contra de esto\u00bb. Durante la conversaci\u00f3n telef\u00f3nica, Pezeshkian respondi\u00f3 que los misiles que entraron al espacio a\u00e9reo turco \u00abno eran de origen iran\u00ed\u00bb y que Ir\u00e1n realizar\u00e1 una investigaci\u00f3n exhaustiva sobre el asunto. Erdogan expres\u00f3 su profundo pesar por la p\u00e9rdida de vidas, especialmente las ni\u00f1as matadas en un bombardeo de una escuela femenina en el sur de Ir\u00e1n, y reiter\u00f3 sus condolencias por el fallecido l\u00edder supremo iran\u00ed Ali Jamenei. Manifest\u00f3 su deseo de que la elecci\u00f3n de Mojtaba Jamenei, como sucesor de Ali, contribuya a la paz en la regi\u00f3n. La conversaci\u00f3n telef\u00f3nica se produjo entre tensiones regionales cada vez m\u00e1s intensas tras los bombardeos conjuntos de EE. UU. e Israel contra Ir\u00e1n, que comenzaron el 28 de febrero, a los cuales Ir\u00e1n respondi\u00f3 con ataques de misiles y drones sobre activos de Israel y EE. UU. por todo Medio Oriente. Fin<\/p>\n","protected":false},"excerpt":{"rendered":"<p>ANKARA, 10 mar (Xinhua) &#8212; El presidente turco, Recep Tayyip Erdogan, dijo el lunes a&#8230;<\/p>\n","protected":false},"author":1,"featured_media":0,"comment_status":"closed","ping_status":"closed","sticky":false,"template":"","format":"standard","meta":{"footnotes":""},"categories":[2],"tags":[],"class_list":["post-23298","post","type-post","status-publish","format-standard","hentry","category-internacional"],"_links":{"self":[{"href":"https:\/\/informadorweb.com\/index.php?rest_route=\/wp\/v2\/posts\/23298","targetHints":{"allow":["GET"]}}],"collection":[{"href":"https:\/\/informadorweb.com\/index.php?rest_route=\/wp\/v2\/posts"}],"about":[{"href":"https:\/\/informadorweb.com\/index.php?rest_route=\/wp\/v2\/types\/post"}],"author":[{"embeddable":true,"href":"https:\/\/informadorweb.com\/index.php?rest_route=\/wp\/v2\/users\/1"}],"replies":[{"embeddable":true,"href":"https:\/\/informadorweb.com\/index.php?rest_route=%2Fwp%2Fv2%2Fcomments&post=23298"}],"version-history":[{"count":1,"href":"https:\/\/informadorweb.com\/index.php?rest_route=\/wp\/v2\/posts\/23298\/revisions"}],"predecessor-version":[{"id":23299,"href":"https:\/\/informadorweb.com\/index.php?rest_route=\/wp\/v2\/posts\/23298\/revisions\/23299"}],"wp:attachment":[{"href":"https:\/\/informadorweb.com\/index.php?rest_route=%2Fwp%2Fv2%2Fmedia&parent=23298"}],"wp:term":[{"taxonomy":"category","embeddable":true,"href":"https:\/\/informadorweb.com\/index.php?rest_route=%2Fwp%2Fv2%2Fcategories&post=23298"},{"taxonomy":"post_tag","embeddable":true,"href":"https:\/\/informadorweb.com\/index.php?rest_route=%2Fwp%2Fv2%2Ftags&post=23298"}],"curies":[{"name":"wp","href":"https:\/\/api.w.org\/{rel}","templated":true}]}}